{"id":20556,"date":"2022-05-17T19:57:54","date_gmt":"2022-05-17T19:57:54","guid":{"rendered":"https:\/\/www.elpolitologoyelpolitico.com.ar\/wordpress\/?p=20556"},"modified":"2022-05-17T19:57:56","modified_gmt":"2022-05-17T19:57:56","slug":"con-la-presencia-de-sergio-massa-y-alexis-guerrera-se-dio-por-iniciada-la-obra-de-la-nueva-terminal-de-omnibus","status":"publish","type":"post","link":"https:\/\/www.elpolitologoyelpolitico.com.ar\/wordpress\/2022\/05\/17\/con-la-presencia-de-sergio-massa-y-alexis-guerrera-se-dio-por-iniciada-la-obra-de-la-nueva-terminal-de-omnibus\/","title":{"rendered":"Con la presencia de Sergio Massa y Alexis Guerrera, se dio por iniciada la obra de la nueva Terminal de \u00d3mnibus"},"content":{"rendered":"\n<p><\/p>\n\n\n\n<p>El intendente Pedro Pesatti junto al presidente de la C\u00e1mara de Diputados de la Naci\u00f3n Sergio Massa y el ministro de Transporte Alexis Guerrera, dio inicio formal a la obra de construcci\u00f3n de la nueva Terminal de \u00d3mnibus de Viedma.<\/p>\n\n\n\n<p>Los altos funcionaros nacionales arribaron a la capital provincial en la ma\u00f1ana de este lunes, ambos invitados especialmente por el mandatario comunal, para conocer de cerca los alcances de la obra, y de varias obras que se est\u00e1n llevando a cabo en la ciudad con fondos del Estado federal.<\/p>\n\n\n\n<p>En el marco del acto realizado en la misma terminal, el intendente Pesatti y los responsables de la empresa Oriente Construcciones y de ECA, procedieron a la firma del documento de inicio de obra, acta que fue refrendada por el ministro de Transporte de Naci\u00f3n.<\/p>\n\n\n\n<p>La obra contempla la incorporaci\u00f3n de un nuevo complejo para boleter\u00edas, confiter\u00eda, locales comerciales y un amplio sector de espera. Tambi\u00e9n se prev\u00e9 la construcci\u00f3n de un espacio exclusivo para empresas dedicadas a encomiendas y paqueter\u00eda, con el objetivo de evitar la formaci\u00f3n de filas y la aglomeraci\u00f3n. Todo el proyecto incluye la accesibilidad para personas con discapacidad, espacios destinados a las necesidades de madres y\/o padres con bebes y ni\u00f1os peque\u00f1os, un sector de espera amplio y con vista hacia las d\u00e1rsenas.<\/p>\n\n\n\n<p>La inversi\u00f3n supera los 430 millones de pesos, aportados por la Naci\u00f3n, se ejecutar\u00e1 en un plazo de 18 meses y ocupar\u00e1 a 140 trabajadores de manera directa.<\/p>\n\n\n\n<p>Durante el acto, se hizo menci\u00f3n a otra obra gestionada conjuntamente con la de la terminal: la construcci\u00f3n de bicisendas y ciclov\u00edas. Tuvo un costo preventivo de 237 millones de pesos aportados por el ministerio de Transporte de la Naci\u00f3n mediante el programa \u00abRed de V\u00edas Seguras\u00bb. El plazo de ejecuci\u00f3n es de ocho meses.<\/p>\n\n\n\n<p>Protagonistas<\/p>\n\n\n\n<p>Al respecto, el secretario general de la Uni\u00f3n Obrera de la Construcci\u00f3n seccional Viedma Dami\u00e1n Miler, destac\u00f3 la presencia de los funcionarios nacionales, y sobre la obra de la terminal dijo: \u00abSignifica puestos de trabajo y hace a una ciudad de jerarqu\u00eda, que genera empleo, mejores horizontes y mejor calidad de vida\u00bb.<\/p>\n\n\n\n<p>A su turno, el intendente Pedro Pesatti agradeci\u00f3 las gestiones de Sergio Massa para la llegada de los fondos que pusieron en marcha la obra de la terminal. Record\u00f3 las circunstancias del proyecto, desde la confirmaci\u00f3n por parte del ex ministro de Transporte Mario Meoni, hasta la firma de hoy, con la activa predisposici\u00f3n de Sergio Massa y del actual ministro Alexis Guerrera.<\/p>\n\n\n\n<p>\u00abTenemos las ideas, la fuerza y el equipo, y necesitamos la ayuda que finalmente tenemos de ustedes\u00bb, agreg\u00f3 Pesatti.<\/p>\n\n\n\n<p>Dijo adem\u00e1s: \u00abEstamos trabajando para que Viedma sea una ciudad que se sienta orgullosa de s\u00ed misma, que genere trabajo y empleo, y donde la obra p\u00fablica se constituya en una herramienta fundamental para su desarrollo\u00bb.<\/p>\n\n\n\n<p>Por su parte, el ministro Alexis Guerrera trajo el saludo del presidente de la Naci\u00f3n Alberto Fern\u00e1ndez y remarc\u00f3: \u00abHay que ir a los lugares y meterse en el interior profundo\u00bb.<\/p>\n\n\n\n<p>Por \u00faltimo, Sergio Massa destac\u00f3: \u00abVenimos porque estamos comprometidos con Viedma, y con conectar a la Argentina\u00bb. \u00abEsta nueva terminal es la que conectar\u00e1 a la ciudad con la ruta, con la provincia y el pa\u00eds\u00bb.<\/p>\n\n\n\n<p>\u00abEste es un\u00a0 momento de alegr\u00eda, que nos tiene que obligar a pensar en cu\u00e1ntos m\u00e1s vamos a generar, y los nuevos desaf\u00edos para hacer crecer a Viedma, a la Patagonia y a la Argentina\u00bb.<\/p>\n\n\n\n<figure class=\"wp-block-gallery has-nested-images columns-default is-cropped wp-block-gallery-1 is-layout-flex wp-block-gallery-is-layout-flex\">\n<figure class=\"wp-block-image size-large\"><img fetchpriority=\"high\" decoding=\"async\" width=\"720\" height=\"405\" data-id=\"20558\" src=\"https:\/\/www.elpolitologoyelpolitico.com.ar\/wp-content\/uploads\/2022\/05\/IMG-20220516-WA0027.jpg\" alt=\"\" class=\"wp-image-20558\" srcset=\"https:\/\/www.elpolitologoyelpolitico.com.ar\/wp-content\/uploads\/2022\/05\/IMG-20220516-WA0027.jpg 720w, https:\/\/www.elpolitologoyelpolitico.com.ar\/wp-content\/uploads\/2022\/05\/IMG-20220516-WA0027-300x169.jpg 300w\" sizes=\"(max-width: 720px) 100vw, 720px\" \/><\/figure>\n\n\n\n<figure class=\"wp-block-image size-large\"><img decoding=\"async\" width=\"720\" height=\"480\" data-id=\"20559\" src=\"https:\/\/www.elpolitologoyelpolitico.com.ar\/wp-content\/uploads\/2022\/05\/IMG-20220516-WA0026.jpg\" alt=\"\" class=\"wp-image-20559\" srcset=\"https:\/\/www.elpolitologoyelpolitico.com.ar\/wp-content\/uploads\/2022\/05\/IMG-20220516-WA0026.jpg 720w, https:\/\/www.elpolitologoyelpolitico.com.ar\/wp-content\/uploads\/2022\/05\/IMG-20220516-WA0026-300x200.jpg 300w\" sizes=\"(max-width: 720px) 100vw, 720px\" \/><\/figure>\n\n\n\n<figure class=\"wp-block-image size-large\"><img decoding=\"async\" width=\"719\" height=\"480\" data-id=\"20560\" src=\"https:\/\/www.elpolitologoyelpolitico.com.ar\/wp-content\/uploads\/2022\/05\/IMG-20220516-WA0028.jpg\" alt=\"\" class=\"wp-image-20560\" srcset=\"https:\/\/www.elpolitologoyelpolitico.com.ar\/wp-content\/uploads\/2022\/05\/IMG-20220516-WA0028.jpg 719w, https:\/\/www.elpolitologoyelpolitico.com.ar\/wp-content\/uploads\/2022\/05\/IMG-20220516-WA0028-300x200.jpg 300w\" sizes=\"(max-width: 719px) 100vw, 719px\" \/><\/figure>\n<\/figure>\n<div class=\"fb-background-color\">\n\t\t\t  <div \n\t\t\t  \tclass = \"fb-comments\" \n\t\t\t  \tdata-href = \"https:\/\/www.elpolitologoyelpolitico.com.ar\/wordpress\/2022\/05\/17\/con-la-presencia-de-sergio-massa-y-alexis-guerrera-se-dio-por-iniciada-la-obra-de-la-nueva-terminal-de-omnibus\/\"\n\t\t\t  \tdata-numposts = \"10\"\n\t\t\t  \tdata-lazy = \"true\"\n\t\t\t\tdata-colorscheme = \"light\"\n\t\t\t\tdata-order-by = \"social\"\n\t\t\t\tdata-mobile=true>\n\t\t\t  <\/div><\/div>\n\t\t  <style>\n\t\t    .fb-background-color {\n\t\t\t\tbackground: #ffffff !important;\n\t\t\t}\n\t\t\t.fb_iframe_widget_fluid_desktop iframe {\n\t\t\t    width: 100% !important;\n\t\t\t}\n\t\t  <\/style>\n\t\t  ","protected":false},"excerpt":{"rendered":"<p>El intendente Pedro Pesatti junto al presidente de la C\u00e1mara de Diputados de la Naci\u00f3n Sergio Massa y el ministro de Transporte Alexis Guerrera, dio inicio formal a la obra de construcci\u00f3n de la nueva Terminal de \u00d3mnibus de Viedma. Los altos funcionaros nacionales arribaron a la capital provincial en la ma\u00f1ana de este lunes, [&hellip;]<\/p>\n","protected":false},"author":4,"featured_media":20557,"comment_status":"closed","ping_status":"closed","sticky":false,"template":"","format":"standard","meta":{"_joinchat":[],"footnotes":""},"categories":[39],"tags":[],"class_list":["post-20556","post","type-post","status-publish","format-standard","has-post-thumbnail","hentry","category-en-esta-seccion"],"_links":{"self":[{"href":"https:\/\/www.elpolitologoyelpolitico.com.ar\/wordpress\/wp-json\/wp\/v2\/posts\/20556","targetHints":{"allow":["GET"]}}],"collection":[{"href":"https:\/\/www.elpolitologoyelpolitico.com.ar\/wordpress\/wp-json\/wp\/v2\/posts"}],"about":[{"href":"https:\/\/www.elpolitologoyelpolitico.com.ar\/wordpress\/wp-json\/wp\/v2\/types\/post"}],"author":[{"embeddable":true,"href":"https:\/\/www.elpolitologoyelpolitico.com.ar\/wordpress\/wp-json\/wp\/v2\/users\/4"}],"replies":[{"embeddable":true,"href":"https:\/\/www.elpolitologoyelpolitico.com.ar\/wordpress\/wp-json\/wp\/v2\/comments?post=20556"}],"version-history":[{"count":0,"href":"https:\/\/www.elpolitologoyelpolitico.com.ar\/wordpress\/wp-json\/wp\/v2\/posts\/20556\/revisions"}],"wp:featuredmedia":[{"embeddable":true,"href":"https:\/\/www.elpolitologoyelpolitico.com.ar\/wordpress\/wp-json\/wp\/v2\/media\/20557"}],"wp:attachment":[{"href":"https:\/\/www.elpolitologoyelpolitico.com.ar\/wordpress\/wp-json\/wp\/v2\/media?parent=20556"}],"wp:term":[{"taxonomy":"category","embeddable":true,"href":"https:\/\/www.elpolitologoyelpolitico.com.ar\/wordpress\/wp-json\/wp\/v2\/categories?post=20556"},{"taxonomy":"post_tag","embeddable":true,"href":"https:\/\/www.elpolitologoyelpolitico.com.ar\/wordpress\/wp-json\/wp\/v2\/tags?post=20556"}],"curies":[{"name":"wp","href":"https:\/\/api.w.org\/{rel}","templated":true}]}}