{"id":20553,"date":"2022-05-17T18:52:21","date_gmt":"2022-05-17T18:52:21","guid":{"rendered":"https:\/\/www.elpolitologoyelpolitico.com.ar\/wordpress\/?p=20553"},"modified":"2022-05-17T18:52:22","modified_gmt":"2022-05-17T18:52:22","slug":"manana-sesiona-el-deliberante-de-viedma","status":"publish","type":"post","link":"https:\/\/www.elpolitologoyelpolitico.com.ar\/wordpress\/2022\/05\/17\/manana-sesiona-el-deliberante-de-viedma\/","title":{"rendered":"Ma\u00f1ana sesiona el Deliberante de Viedma"},"content":{"rendered":"\n<p><\/p>\n\n\n\n<p>El Concejo Deliberante de Viedma sesionar\u00e1 ma\u00f1ana martes, a las 9, para tratar modificaciones de diversas ordenanzas y el ingreso de un expediente de la Junta Electoral Municipal en relaci\u00f3n a la impugnaci\u00f3n presentada a las candidaturas de la lista 18 del barrio Sargento Cabral.<\/p>\n\n\n\n<p>El cuerpo legislativo municipal deber\u00e1 votar si da lugar a la impugnaci\u00f3n o no, tal como lo establece la Ordenanza 7329.<\/p>\n\n\n\n<p>Con respecto a las modificaciones, una de ellas es sobre la Ordenanza 8481 que regula el procedimiento de an\u00e1lisis tarifario para el servicio p\u00fablico de transporte de colectivo urbano, el servicio de tax\u00edmetros y remises y el sistema de estacionamiento medido y pago en la Viedma. Este proyecto es de autor\u00eda de las concejalas Silbana Cullumilla y Roberta Scavo junto al edil Pedro S\u00e1nchez.<\/p>\n\n\n\n<p>Por otro lado, el concejal Marco Magnanelli present\u00f3 la modificaci\u00f3n de la Ordenanza 8653 para establecer otros plazos de duraci\u00f3n en los contratos de concesiones de los nuevos espacios costeros. En este caso, se propone que las adjudicaciones del servicio tengan una duraci\u00f3n de 12 a\u00f1os y puedan ser prorrogadas por el Poder Ejecutivo Municipal con acuerdo de la Comisi\u00f3n por cuatro a\u00f1os m\u00e1s.<\/p>\n\n\n\n<p>Por \u00faltimo, los concejales Pedro Bichara, Pedro Sanchez y la edil Silbana Culumilla presentaron el proyecto para modificar la Ordenanza N\u00ba 8707 sobre los usos comerciales e industriales de las zonas R4C R4A R4T.<\/p>\n<div class=\"fb-background-color\">\n\t\t\t  <div \n\t\t\t  \tclass = \"fb-comments\" \n\t\t\t  \tdata-href = \"https:\/\/www.elpolitologoyelpolitico.com.ar\/wordpress\/2022\/05\/17\/manana-sesiona-el-deliberante-de-viedma\/\"\n\t\t\t  \tdata-numposts = \"10\"\n\t\t\t  \tdata-lazy = \"true\"\n\t\t\t\tdata-colorscheme = \"light\"\n\t\t\t\tdata-order-by = \"social\"\n\t\t\t\tdata-mobile=true>\n\t\t\t  <\/div><\/div>\n\t\t  <style>\n\t\t    .fb-background-color {\n\t\t\t\tbackground: #ffffff !important;\n\t\t\t}\n\t\t\t.fb_iframe_widget_fluid_desktop iframe {\n\t\t\t    width: 100% !important;\n\t\t\t}\n\t\t  <\/style>\n\t\t  ","protected":false},"excerpt":{"rendered":"<p>El Concejo Deliberante de Viedma sesionar\u00e1 ma\u00f1ana martes, a las 9, para tratar modificaciones de diversas ordenanzas y el ingreso de un expediente de la Junta Electoral Municipal en relaci\u00f3n a la impugnaci\u00f3n presentada a las candidaturas de la lista 18 del barrio Sargento Cabral. El cuerpo legislativo municipal deber\u00e1 votar si da lugar a [&hellip;]<\/p>\n","protected":false},"author":4,"featured_media":20554,"comment_status":"closed","ping_status":"closed","sticky":false,"template":"","format":"standard","meta":{"_joinchat":[],"footnotes":""},"categories":[39],"tags":[],"class_list":["post-20553","post","type-post","status-publish","format-standard","has-post-thumbnail","hentry","category-en-esta-seccion"],"_links":{"self":[{"href":"https:\/\/www.elpolitologoyelpolitico.com.ar\/wordpress\/wp-json\/wp\/v2\/posts\/20553","targetHints":{"allow":["GET"]}}],"collection":[{"href":"https:\/\/www.elpolitologoyelpolitico.com.ar\/wordpress\/wp-json\/wp\/v2\/posts"}],"about":[{"href":"https:\/\/www.elpolitologoyelpolitico.com.ar\/wordpress\/wp-json\/wp\/v2\/types\/post"}],"author":[{"embeddable":true,"href":"https:\/\/www.elpolitologoyelpolitico.com.ar\/wordpress\/wp-json\/wp\/v2\/users\/4"}],"replies":[{"embeddable":true,"href":"https:\/\/www.elpolitologoyelpolitico.com.ar\/wordpress\/wp-json\/wp\/v2\/comments?post=20553"}],"version-history":[{"count":0,"href":"https:\/\/www.elpolitologoyelpolitico.com.ar\/wordpress\/wp-json\/wp\/v2\/posts\/20553\/revisions"}],"wp:featuredmedia":[{"embeddable":true,"href":"https:\/\/www.elpolitologoyelpolitico.com.ar\/wordpress\/wp-json\/wp\/v2\/media\/20554"}],"wp:attachment":[{"href":"https:\/\/www.elpolitologoyelpolitico.com.ar\/wordpress\/wp-json\/wp\/v2\/media?parent=20553"}],"wp:term":[{"taxonomy":"category","embeddable":true,"href":"https:\/\/www.elpolitologoyelpolitico.com.ar\/wordpress\/wp-json\/wp\/v2\/categories?post=20553"},{"taxonomy":"post_tag","embeddable":true,"href":"https:\/\/www.elpolitologoyelpolitico.com.ar\/wordpress\/wp-json\/wp\/v2\/tags?post=20553"}],"curies":[{"name":"wp","href":"https:\/\/api.w.org\/{rel}","templated":true}]}}