{"id":20547,"date":"2022-05-17T18:01:24","date_gmt":"2022-05-17T18:01:24","guid":{"rendered":"https:\/\/www.elpolitologoyelpolitico.com.ar\/wordpress\/?p=20547"},"modified":"2022-05-17T18:01:25","modified_gmt":"2022-05-17T18:01:25","slug":"convocatoria-a-elecciones-para-renovar-autoridades-de-la-comision-de-fomento-del-barrio-el-progreso","status":"publish","type":"post","link":"https:\/\/www.elpolitologoyelpolitico.com.ar\/wordpress\/2022\/05\/17\/convocatoria-a-elecciones-para-renovar-autoridades-de-la-comision-de-fomento-del-barrio-el-progreso\/","title":{"rendered":"Convocatoria a elecciones para renovar autoridades de la Comisi\u00f3n de Fomento del barrio El Progreso"},"content":{"rendered":"\n<p>La Direcci\u00f3n de Gobierno, a trav\u00e9s del Decreto 888\/22, convoca a elecciones para la renovaci\u00f3n de autoridades de la Comisi\u00f3n de Fomento del Barrio El Progreso de Carmen de Patagones, para el pr\u00f3ximo 7 de agosto, en el horario de 07 a 13, en lugar a confirmar.<\/p>\n\n\n\n<p>Las presentaciones de las listas se har\u00e1n ante la Junta Electoral, que funcionar\u00e1 en la Asesor\u00eda Legal de la Municipalidad de Patagones, con una antelaci\u00f3n no menor a 20 d\u00edas a la fecha del comicio.<\/p>\n\n\n\n<p>Los requisitos que deber\u00e1n cumplir se encuentran comprendidos en la Ordenanza Municipal N\u00ba 43\/03.<\/p>\n<div class=\"fb-background-color\">\n\t\t\t  <div \n\t\t\t  \tclass = \"fb-comments\" \n\t\t\t  \tdata-href = \"https:\/\/www.elpolitologoyelpolitico.com.ar\/wordpress\/2022\/05\/17\/convocatoria-a-elecciones-para-renovar-autoridades-de-la-comision-de-fomento-del-barrio-el-progreso\/\"\n\t\t\t  \tdata-numposts = \"10\"\n\t\t\t  \tdata-lazy = \"true\"\n\t\t\t\tdata-colorscheme = \"light\"\n\t\t\t\tdata-order-by = \"social\"\n\t\t\t\tdata-mobile=true>\n\t\t\t  <\/div><\/div>\n\t\t  <style>\n\t\t    .fb-background-color {\n\t\t\t\tbackground: #ffffff !important;\n\t\t\t}\n\t\t\t.fb_iframe_widget_fluid_desktop iframe {\n\t\t\t    width: 100% !important;\n\t\t\t}\n\t\t  <\/style>\n\t\t  ","protected":false},"excerpt":{"rendered":"<p>La Direcci\u00f3n de Gobierno, a trav\u00e9s del Decreto 888\/22, convoca a elecciones para la renovaci\u00f3n de autoridades de la Comisi\u00f3n de Fomento del Barrio El Progreso de Carmen de Patagones, para el pr\u00f3ximo 7 de agosto, en el horario de 07 a 13, en lugar a confirmar. Las presentaciones de las listas se har\u00e1n ante [&hellip;]<\/p>\n","protected":false},"author":4,"featured_media":20548,"comment_status":"closed","ping_status":"closed","sticky":false,"template":"","format":"standard","meta":{"_joinchat":[],"footnotes":""},"categories":[38],"tags":[],"class_list":["post-20547","post","type-post","status-publish","format-standard","has-post-thumbnail","hentry","category-elecciones"],"_links":{"self":[{"href":"https:\/\/www.elpolitologoyelpolitico.com.ar\/wordpress\/wp-json\/wp\/v2\/posts\/20547","targetHints":{"allow":["GET"]}}],"collection":[{"href":"https:\/\/www.elpolitologoyelpolitico.com.ar\/wordpress\/wp-json\/wp\/v2\/posts"}],"about":[{"href":"https:\/\/www.elpolitologoyelpolitico.com.ar\/wordpress\/wp-json\/wp\/v2\/types\/post"}],"author":[{"embeddable":true,"href":"https:\/\/www.elpolitologoyelpolitico.com.ar\/wordpress\/wp-json\/wp\/v2\/users\/4"}],"replies":[{"embeddable":true,"href":"https:\/\/www.elpolitologoyelpolitico.com.ar\/wordpress\/wp-json\/wp\/v2\/comments?post=20547"}],"version-history":[{"count":0,"href":"https:\/\/www.elpolitologoyelpolitico.com.ar\/wordpress\/wp-json\/wp\/v2\/posts\/20547\/revisions"}],"wp:featuredmedia":[{"embeddable":true,"href":"https:\/\/www.elpolitologoyelpolitico.com.ar\/wordpress\/wp-json\/wp\/v2\/media\/20548"}],"wp:attachment":[{"href":"https:\/\/www.elpolitologoyelpolitico.com.ar\/wordpress\/wp-json\/wp\/v2\/media?parent=20547"}],"wp:term":[{"taxonomy":"category","embeddable":true,"href":"https:\/\/www.elpolitologoyelpolitico.com.ar\/wordpress\/wp-json\/wp\/v2\/categories?post=20547"},{"taxonomy":"post_tag","embeddable":true,"href":"https:\/\/www.elpolitologoyelpolitico.com.ar\/wordpress\/wp-json\/wp\/v2\/tags?post=20547"}],"curies":[{"name":"wp","href":"https:\/\/api.w.org\/{rel}","templated":true}]}}