{"id":20528,"date":"2022-05-16T23:40:40","date_gmt":"2022-05-16T23:40:40","guid":{"rendered":"https:\/\/www.elpolitologoyelpolitico.com.ar\/wordpress\/?p=20528"},"modified":"2022-05-16T23:42:25","modified_gmt":"2022-05-16T23:42:25","slug":"curso-para-d-t-de-futbol-formativo-comunitario-en-viedma","status":"publish","type":"post","link":"https:\/\/www.elpolitologoyelpolitico.com.ar\/wordpress\/2022\/05\/16\/curso-para-d-t-de-futbol-formativo-comunitario-en-viedma\/","title":{"rendered":"Curso para D.T de f\u00fatbol formativo comunitario en Viedma"},"content":{"rendered":"\n<p><\/p>\n\n\n\n<p>La Secretaria de Deporte y la Liga Atl\u00e1ntica Sur de la capital rionegrina invitan a participar de esta instancia formativa que se llevar\u00e1 a delante durante el jueves y el viernes de la semana pr\u00f3xima<\/p>\n\n\n\n<p>Aquellos interesados en participar del curso deber\u00e1n inscribirse en el siguiente link: <a href=\"https:\/\/forms.gle\/vri4h2YmNGuZHJhy6\">https:\/\/forms.gle\/vri4h2YmNGuZHJhy6<\/a><\/p>\n\n\n\n<p><strong>CRONOGRAMA DE ACTIVIDADES<\/strong><\/p>\n\n\n\n<p>Jueves 26\/5&nbsp;<\/p>\n\n\n\n<p>18 a 21hs (te\u00f3rico)<\/p>\n\n\n\n<p>Lugar: ESRN 19 (Barrio Lavalle)<\/p>\n\n\n\n<p>Viernes 27\/5<\/p>\n\n\n\n<p>18 a 21hs (pr\u00e1ctico)&nbsp;<\/p>\n\n\n\n<p>Lugar: ESRN 19 (Barrio Lavalle)&nbsp;<\/p>\n\n\n\n<p>Disertantes: Preparador F\u00edsico, Fabricio Ortega y el coordinador del \u00e1rea de F\u00fatbol de la Secretar\u00eda de Deporte y D.T Nacional, Fabi\u00e1n Pacheco.<\/p>\n\n\n\n<figure class=\"wp-block-gallery has-nested-images columns-default is-cropped wp-block-gallery-1 is-layout-flex wp-block-gallery-is-layout-flex\">\n<figure class=\"wp-block-image size-large\"><img fetchpriority=\"high\" decoding=\"async\" width=\"567\" height=\"568\" data-id=\"20530\" src=\"https:\/\/www.elpolitologoyelpolitico.com.ar\/wp-content\/uploads\/2022\/05\/IMG-20220516-WA0014.jpg\" alt=\"\" class=\"wp-image-20530\" srcset=\"https:\/\/www.elpolitologoyelpolitico.com.ar\/wp-content\/uploads\/2022\/05\/IMG-20220516-WA0014.jpg 567w, https:\/\/www.elpolitologoyelpolitico.com.ar\/wp-content\/uploads\/2022\/05\/IMG-20220516-WA0014-300x300.jpg 300w, https:\/\/www.elpolitologoyelpolitico.com.ar\/wp-content\/uploads\/2022\/05\/IMG-20220516-WA0014-150x150.jpg 150w\" sizes=\"(max-width: 567px) 100vw, 567px\" \/><\/figure>\n<\/figure>\n<div class=\"fb-background-color\">\n\t\t\t  <div \n\t\t\t  \tclass = \"fb-comments\" \n\t\t\t  \tdata-href = \"https:\/\/www.elpolitologoyelpolitico.com.ar\/wordpress\/2022\/05\/16\/curso-para-d-t-de-futbol-formativo-comunitario-en-viedma\/\"\n\t\t\t  \tdata-numposts = \"10\"\n\t\t\t  \tdata-lazy = \"true\"\n\t\t\t\tdata-colorscheme = \"light\"\n\t\t\t\tdata-order-by = \"social\"\n\t\t\t\tdata-mobile=true>\n\t\t\t  <\/div><\/div>\n\t\t  <style>\n\t\t    .fb-background-color {\n\t\t\t\tbackground: #ffffff !important;\n\t\t\t}\n\t\t\t.fb_iframe_widget_fluid_desktop iframe {\n\t\t\t    width: 100% !important;\n\t\t\t}\n\t\t  <\/style>\n\t\t  ","protected":false},"excerpt":{"rendered":"<p>La Secretaria de Deporte y la Liga Atl\u00e1ntica Sur de la capital rionegrina invitan a participar de esta instancia formativa que se llevar\u00e1 a delante durante el jueves y el viernes de la semana pr\u00f3xima Aquellos interesados en participar del curso deber\u00e1n inscribirse en el siguiente link: https:\/\/forms.gle\/vri4h2YmNGuZHJhy6 CRONOGRAMA DE ACTIVIDADES Jueves 26\/5&nbsp; 18 a [&hellip;]<\/p>\n","protected":false},"author":4,"featured_media":20529,"comment_status":"closed","ping_status":"closed","sticky":false,"template":"","format":"standard","meta":{"_joinchat":[],"footnotes":""},"categories":[39],"tags":[],"class_list":["post-20528","post","type-post","status-publish","format-standard","has-post-thumbnail","hentry","category-en-esta-seccion"],"_links":{"self":[{"href":"https:\/\/www.elpolitologoyelpolitico.com.ar\/wordpress\/wp-json\/wp\/v2\/posts\/20528","targetHints":{"allow":["GET"]}}],"collection":[{"href":"https:\/\/www.elpolitologoyelpolitico.com.ar\/wordpress\/wp-json\/wp\/v2\/posts"}],"about":[{"href":"https:\/\/www.elpolitologoyelpolitico.com.ar\/wordpress\/wp-json\/wp\/v2\/types\/post"}],"author":[{"embeddable":true,"href":"https:\/\/www.elpolitologoyelpolitico.com.ar\/wordpress\/wp-json\/wp\/v2\/users\/4"}],"replies":[{"embeddable":true,"href":"https:\/\/www.elpolitologoyelpolitico.com.ar\/wordpress\/wp-json\/wp\/v2\/comments?post=20528"}],"version-history":[{"count":0,"href":"https:\/\/www.elpolitologoyelpolitico.com.ar\/wordpress\/wp-json\/wp\/v2\/posts\/20528\/revisions"}],"wp:featuredmedia":[{"embeddable":true,"href":"https:\/\/www.elpolitologoyelpolitico.com.ar\/wordpress\/wp-json\/wp\/v2\/media\/20529"}],"wp:attachment":[{"href":"https:\/\/www.elpolitologoyelpolitico.com.ar\/wordpress\/wp-json\/wp\/v2\/media?parent=20528"}],"wp:term":[{"taxonomy":"category","embeddable":true,"href":"https:\/\/www.elpolitologoyelpolitico.com.ar\/wordpress\/wp-json\/wp\/v2\/categories?post=20528"},{"taxonomy":"post_tag","embeddable":true,"href":"https:\/\/www.elpolitologoyelpolitico.com.ar\/wordpress\/wp-json\/wp\/v2\/tags?post=20528"}],"curies":[{"name":"wp","href":"https:\/\/api.w.org\/{rel}","templated":true}]}}