{"id":20513,"date":"2022-05-16T12:20:55","date_gmt":"2022-05-16T12:20:55","guid":{"rendered":"https:\/\/www.elpolitologoyelpolitico.com.ar\/wordpress\/?p=20513"},"modified":"2022-05-16T12:20:56","modified_gmt":"2022-05-16T12:20:56","slug":"%f0%9d%97%9f%f0%9d%97%ae-%f0%9d%97%9d%f0%9d%98%82%f0%9d%98%80%f0%9d%98%81%f0%9d%97%b6%f0%9d%97%b0%f0%9d%97%b6%f0%9d%97%ae-%f0%9d%98%80%f0%9d%97%bc%f0%9d%97%af%f0%9d%97%bf%f0%9d%97%b2%f0%9d%98%80","status":"publish","type":"post","link":"https:\/\/www.elpolitologoyelpolitico.com.ar\/wordpress\/2022\/05\/16\/%f0%9d%97%9f%f0%9d%97%ae-%f0%9d%97%9d%f0%9d%98%82%f0%9d%98%80%f0%9d%98%81%f0%9d%97%b6%f0%9d%97%b0%f0%9d%97%b6%f0%9d%97%ae-%f0%9d%98%80%f0%9d%97%bc%f0%9d%97%af%f0%9d%97%bf%f0%9d%97%b2%f0%9d%98%80\/","title":{"rendered":"\u00a0\ud835\udddf\ud835\uddee \ud835\udddd\ud835\ude02\ud835\ude00\ud835\ude01\ud835\uddf6\ud835\uddf0\ud835\uddf6\ud835\uddee \ud835\ude00\ud835\uddfc\ud835\uddef\ud835\uddff\ud835\uddf2\ud835\ude00\ud835\uddf2\ud835\ude06\ud835\uddfc\u0301 \ud835\uddf1\ud835\uddf2\ud835\uddf3\ud835\uddf6\ud835\uddfb\ud835\uddf6\ud835\ude01\ud835\uddf6\ud835\ude03\ud835\uddee\ud835\uddfa\ud835\uddf2\ud835\uddfb\ud835\ude01\ud835\uddf2 \ud835\uddee \ud835\uddf9\ud835\uddee \ud835\uddf0\ud835\uddfc\ud835\uddfb\ud835\uddf1\ud835\ude02\ud835\uddf0\ud835\uddf0\ud835\uddf6\ud835\uddfc\u0301\ud835\uddfb \ud835\uddf1\ud835\uddf2 \ud835\uddd4\ud835\udde7\ud835\uddd8 \ud835\ude06 \ud835\uddd6\ud835\udde7\ud835\uddd4 \ud835\uddf2\ud835\uddfb \ud835\uddfa\ud835\uddee\u0301\ud835\ude00 \ud835\uddf1\ud835\uddf2 \ud835\udfef\ud835\udfec \ud835\uddf5\ud835\uddf2\ud835\uddf0\ud835\uddf5\ud835\uddfc\ud835\ude00"},"content":{"rendered":"\n<p><\/p>\n\n\n\n<p>M\u00e1s de 15 dirigentes de ATE y la CTA Aut\u00f3noma de Rio Negro fueron sobrese\u00eddos definitivamente junto a otros dirigentes en una causa armada para criminalizar la protesta social por m\u00e1s de 30 hechos ocurridos entre 2016 y 2018, entre los cuales se incluyeron bloqueos de rutas nacionales y de pozos de gas y petr\u00f3leo, movilizaciones en organismos p\u00fablicos y enfrentamientos con la Polic\u00eda Federal.<\/p>\n\n\n\n<p>\u00abCuando desde el Estado se impulsan pol\u00edticas en favor de los poderosos que generan la pobreza y el hambre del pueblo, el corte de ruta y el piquete se transforman en un derecho humano fundamental\u00bb, expres\u00f3 Rodolfo Aguiar, secretario adjunto nacional de ATE y secretario general de la CTA Aut\u00f3noma de R\u00edo Negro.<\/p>\n\n\n\n<p>Aguiar es uno de los dirigentes sobrese\u00eddos junto al secretario general de ATE Rodrigo Vicente, secretarios generales de seccionales y otros miembros de conducci\u00f3n: Rosa \u00d1anco, Federico Gabarra, Luciano Pedraza, Mat\u00edas Miquelez, Ricardo Sal Mart\u00edn, Guillermo Granados, Claudia Reyes, Gerardo Collinao, Miguel Tapia, Carlos Goinhex, N\u00e9stor G\u00f3mez y Zulma D\u00e1vila.<\/p>\n\n\n\n<p>\u00abUna vez m\u00e1s, qued\u00f3 demostrado que la protesta social no puede ser criminalizada. Este juzgado federal de Roca fue siempre utilizado para perseguir a quienes ejercen el derecho constitucional de reclamo. Estos jueces de doble apellido son hijos de la dictadura, viven en countries, vacacionan en Europa y no tienen ni idea de las verdaderas necesidades del pueblo. Est\u00e1n al servicio de los poderosos. No se meten con el narcotr\u00e1fico, ni con los ladrones de guante blanco. Por eso hay que cambiarlos. Tenemos que lograr la democratizaci\u00f3n del poder judicial\u00bb, dijo Aguiar<\/p>\n\n\n\n<p>De esta manera, el equipo jur\u00eddico logr\u00f3 cerrar todas las causas de los dirigentes en la Justicia Federal extraordinaria y las que ten\u00edan pendientes en la jurisdicci\u00f3n ordinaria, siendo un notable avance del campo popular para defender el derecho justo al reclamo.<\/p>\n\n\n\n<p>\u00abNos creen ovejas y por eso utilizan la Justicia para intentar disciplinarnos. Desde algunos sectores se propagandiza la persecuci\u00f3n judicial a quienes luchan. Lo hacen para enriquecerse a cambio de defender un sistema de saqueo de nuestros recursos naturales y empobrecimiento paulatino de todo el pueblo\u00bb, agreg\u00f3.<\/p>\n\n\n\n<p>Este logro se alcanz\u00f3 luego que la C\u00e1mara Federal de Apelaciones diera lugar al recurso presentado por la abogada Ail\u00e9n Roca, obligando al juez federal Hugo Greca a rectificar su fallo y dictar inmediatamente el sobreseimiento total y definitivo.<\/p>\n\n\n\n<p>\u201cLa arbitrariedad y el desconocimiento absoluto del principio de personalidad de la pena presentes tanto en la resoluci\u00f3n del juez federal Hugo Greca como en el dictamen del fiscal Mat\u00edas Zanona quedaron en evidencia tras este fallo de la C\u00e1mara Federal de Apelaciones, con el que se logra poner un freno a la clara intencionalidad de criminalizar la protesta social\u201d, explic\u00f3 Ail\u00e9n Roca.<\/p>\n<div class=\"fb-background-color\">\n\t\t\t  <div \n\t\t\t  \tclass = \"fb-comments\" \n\t\t\t  \tdata-href = \"https:\/\/www.elpolitologoyelpolitico.com.ar\/wordpress\/2022\/05\/16\/%f0%9d%97%9f%f0%9d%97%ae-%f0%9d%97%9d%f0%9d%98%82%f0%9d%98%80%f0%9d%98%81%f0%9d%97%b6%f0%9d%97%b0%f0%9d%97%b6%f0%9d%97%ae-%f0%9d%98%80%f0%9d%97%bc%f0%9d%97%af%f0%9d%97%bf%f0%9d%97%b2%f0%9d%98%80\/\"\n\t\t\t  \tdata-numposts = \"10\"\n\t\t\t  \tdata-lazy = \"true\"\n\t\t\t\tdata-colorscheme = \"light\"\n\t\t\t\tdata-order-by = \"social\"\n\t\t\t\tdata-mobile=true>\n\t\t\t  <\/div><\/div>\n\t\t  <style>\n\t\t    .fb-background-color {\n\t\t\t\tbackground: #ffffff !important;\n\t\t\t}\n\t\t\t.fb_iframe_widget_fluid_desktop iframe {\n\t\t\t    width: 100% !important;\n\t\t\t}\n\t\t  <\/style>\n\t\t  ","protected":false},"excerpt":{"rendered":"<p>M\u00e1s de 15 dirigentes de ATE y la CTA Aut\u00f3noma de Rio Negro fueron sobrese\u00eddos definitivamente junto a otros dirigentes en una causa armada para criminalizar la protesta social por m\u00e1s de 30 hechos ocurridos entre 2016 y 2018, entre los cuales se incluyeron bloqueos de rutas nacionales y de pozos de gas y petr\u00f3leo, [&hellip;]<\/p>\n","protected":false},"author":4,"featured_media":20514,"comment_status":"closed","ping_status":"closed","sticky":false,"template":"","format":"standard","meta":{"_joinchat":[],"footnotes":""},"categories":[39],"tags":[],"class_list":["post-20513","post","type-post","status-publish","format-standard","has-post-thumbnail","hentry","category-en-esta-seccion"],"_links":{"self":[{"href":"https:\/\/www.elpolitologoyelpolitico.com.ar\/wordpress\/wp-json\/wp\/v2\/posts\/20513","targetHints":{"allow":["GET"]}}],"collection":[{"href":"https:\/\/www.elpolitologoyelpolitico.com.ar\/wordpress\/wp-json\/wp\/v2\/posts"}],"about":[{"href":"https:\/\/www.elpolitologoyelpolitico.com.ar\/wordpress\/wp-json\/wp\/v2\/types\/post"}],"author":[{"embeddable":true,"href":"https:\/\/www.elpolitologoyelpolitico.com.ar\/wordpress\/wp-json\/wp\/v2\/users\/4"}],"replies":[{"embeddable":true,"href":"https:\/\/www.elpolitologoyelpolitico.com.ar\/wordpress\/wp-json\/wp\/v2\/comments?post=20513"}],"version-history":[{"count":0,"href":"https:\/\/www.elpolitologoyelpolitico.com.ar\/wordpress\/wp-json\/wp\/v2\/posts\/20513\/revisions"}],"wp:featuredmedia":[{"embeddable":true,"href":"https:\/\/www.elpolitologoyelpolitico.com.ar\/wordpress\/wp-json\/wp\/v2\/media\/20514"}],"wp:attachment":[{"href":"https:\/\/www.elpolitologoyelpolitico.com.ar\/wordpress\/wp-json\/wp\/v2\/media?parent=20513"}],"wp:term":[{"taxonomy":"category","embeddable":true,"href":"https:\/\/www.elpolitologoyelpolitico.com.ar\/wordpress\/wp-json\/wp\/v2\/categories?post=20513"},{"taxonomy":"post_tag","embeddable":true,"href":"https:\/\/www.elpolitologoyelpolitico.com.ar\/wordpress\/wp-json\/wp\/v2\/tags?post=20513"}],"curies":[{"name":"wp","href":"https:\/\/api.w.org\/{rel}","templated":true}]}}