{"id":20462,"date":"2022-05-14T02:07:01","date_gmt":"2022-05-14T02:07:01","guid":{"rendered":"https:\/\/www.elpolitologoyelpolitico.com.ar\/wordpress\/?p=20462"},"modified":"2022-05-14T02:07:03","modified_gmt":"2022-05-14T02:07:03","slug":"fin-de-semana-colmado-de-actividad-cultural-y-deportiva-en-viedma","status":"publish","type":"post","link":"https:\/\/www.elpolitologoyelpolitico.com.ar\/wordpress\/2022\/05\/14\/fin-de-semana-colmado-de-actividad-cultural-y-deportiva-en-viedma\/","title":{"rendered":"Fin de semana colmado de actividad cultural y deportiva en Viedma"},"content":{"rendered":"\n<p><\/p>\n\n\n\n<p>El fin de semana en Viedma se llevar\u00e1 a cabo una extensa agenda cultural y deportiva en la ciudad, con actividades en el Centro Cultural y en diferentes gimnasios municipales.<\/p>\n\n\n\n<p>Desde hoy, viernes 13 y hasta el 15 de mayo seguir\u00e1 el Seminario Intensivo de Tecnolog\u00edas, Po\u00e9ticas y Entornos Digitales para la Escena, el 14 y 15 el seminario continuar\u00e1 en el Centro Cultural II.<\/p>\n\n\n\n<p>Adem\u00e1s, ma\u00f1ana s\u00e1bado 14 de mayo, a las 19 se presentar\u00e1 Nito Iba\u00f1ez en Concierto en la Sala Biagetti&nbsp; del Centro Municipal de Cultura. Las entradas pueden conseguirse anticipadas en $1.000 pesos al tel\u00e9fono 2920244747 o a $1.200 pesos en puerta<\/p>\n\n\n\n<p>El domingo 15 de mayo desde las 21, se presentar\u00e1n en la Sala Mayor del Centro Cultural Juan Carlos Baglietto y Lito Vitale, conmemorando 30 a\u00f1os de m\u00fasica. Las entradas est\u00e1n a la venta en el Centro Cultural, a $2.500 pesos<\/p>\n\n\n\n<p>En cuanto a las actividades deportivas,el viernes 13 de mayo de 16 a 17.30, en el gimnasio Municipal Fioravanti Ruggeri se realizar\u00e1 un Encuentro de escuelas de gimnasia para adultos donde participaran la esc. del barrio Castello. la esc. Fioravanti y el Grupo de la polic\u00eda.<\/p>\n\n\n\n<figure class=\"wp-block-image size-full\"><img fetchpriority=\"high\" decoding=\"async\" width=\"540\" height=\"540\" src=\"https:\/\/www.elpolitologoyelpolitico.com.ar\/wp-content\/uploads\/2022\/05\/IMG-20220513-WA0064.jpg\" alt=\"\" class=\"wp-image-20464\" srcset=\"https:\/\/www.elpolitologoyelpolitico.com.ar\/wp-content\/uploads\/2022\/05\/IMG-20220513-WA0064.jpg 540w, https:\/\/www.elpolitologoyelpolitico.com.ar\/wp-content\/uploads\/2022\/05\/IMG-20220513-WA0064-300x300.jpg 300w, https:\/\/www.elpolitologoyelpolitico.com.ar\/wp-content\/uploads\/2022\/05\/IMG-20220513-WA0064-150x150.jpg 150w\" sizes=\"(max-width: 540px) 100vw, 540px\" \/><\/figure>\n\n\n\n<p>Adem\u00e1s, ma\u00f1ana, s\u00e1bado 14 de mayo, tambi\u00e9n el el gimnasio Fioravanti Ruggeri de 10 a 13 se llevar\u00e1 adelante el programa \u201cVuelta Carnero\u201d, con un Encuentro de escuelitas municipales de gimnasia.<\/p>\n\n\n\n<p>El s\u00e1bado 14 de mayo en el gimnasio Anexo, de 9.30 a 11.30hs se realizar\u00e1 un Encuentro de escuelas municipales de handball, con una jornada completa de actividades. Por la ma\u00f1ana ser\u00e1 el turno del mini handball, por la tarde le tocar\u00e1 a las categor\u00edas m\u00e1s grandes.<\/p>\n\n\n\n<p>De este encuentro participan las escuelas del barrio Castello, barrio Mi Bandera y adem\u00e1s se invit\u00f3 a los clubes Sol de Mayo, Goliat, Villa Congreso&nbsp; y Panteras<\/p>\n\n\n\n<p>Desde el gobierno de Viedma el s\u00e1bado 14 tambi\u00e9n acompa\u00f1aremos a la Fundaci\u00f3n Creando Futuro, en el horario 14 a 16, con actividades y juegos recreativos que se realizar\u00e1n en el Patio Salesiano.<\/p>\n\n\n\n<p>Ese mismo d\u00eda, por la ma\u00f1ana, la escuela municipal de hockey participar\u00e1 en un encuentro deportivo en la cancha de la Asociaci\u00f3n Civil Deportiva y Cultural de Profesionales de Viedma y Patagones (ADCP).<\/p>\n\n\n\n<p>El Domingo 15 de mayo en el C\u00edrculo de Atletas veteranos de la comarca a partir de las 12 tambi\u00e9n acompa\u00f1aremos el Campeonato Argentino de Medio Fondo que organiza CAVECO.<\/p>\n\n\n\n<figure class=\"wp-block-image size-full\"><img decoding=\"async\" width=\"720\" height=\"665\" src=\"https:\/\/www.elpolitologoyelpolitico.com.ar\/wp-content\/uploads\/2022\/05\/IMG-20220513-WA0063.jpg\" alt=\"\" class=\"wp-image-20465\" srcset=\"https:\/\/www.elpolitologoyelpolitico.com.ar\/wp-content\/uploads\/2022\/05\/IMG-20220513-WA0063.jpg 720w, https:\/\/www.elpolitologoyelpolitico.com.ar\/wp-content\/uploads\/2022\/05\/IMG-20220513-WA0063-300x277.jpg 300w\" sizes=\"(max-width: 720px) 100vw, 720px\" \/><\/figure>\n<div class=\"fb-background-color\">\n\t\t\t  <div \n\t\t\t  \tclass = \"fb-comments\" \n\t\t\t  \tdata-href = \"https:\/\/www.elpolitologoyelpolitico.com.ar\/wordpress\/2022\/05\/14\/fin-de-semana-colmado-de-actividad-cultural-y-deportiva-en-viedma\/\"\n\t\t\t  \tdata-numposts = \"10\"\n\t\t\t  \tdata-lazy = \"true\"\n\t\t\t\tdata-colorscheme = \"light\"\n\t\t\t\tdata-order-by = \"social\"\n\t\t\t\tdata-mobile=true>\n\t\t\t  <\/div><\/div>\n\t\t  <style>\n\t\t    .fb-background-color {\n\t\t\t\tbackground: #ffffff !important;\n\t\t\t}\n\t\t\t.fb_iframe_widget_fluid_desktop iframe {\n\t\t\t    width: 100% !important;\n\t\t\t}\n\t\t  <\/style>\n\t\t  ","protected":false},"excerpt":{"rendered":"<p>El fin de semana en Viedma se llevar\u00e1 a cabo una extensa agenda cultural y deportiva en la ciudad, con actividades en el Centro Cultural y en diferentes gimnasios municipales. Desde hoy, viernes 13 y hasta el 15 de mayo seguir\u00e1 el Seminario Intensivo de Tecnolog\u00edas, Po\u00e9ticas y Entornos Digitales para la Escena, el 14 [&hellip;]<\/p>\n","protected":false},"author":4,"featured_media":20463,"comment_status":"closed","ping_status":"closed","sticky":false,"template":"","format":"standard","meta":{"_joinchat":[],"footnotes":""},"categories":[39],"tags":[],"class_list":["post-20462","post","type-post","status-publish","format-standard","has-post-thumbnail","hentry","category-en-esta-seccion"],"_links":{"self":[{"href":"https:\/\/www.elpolitologoyelpolitico.com.ar\/wordpress\/wp-json\/wp\/v2\/posts\/20462","targetHints":{"allow":["GET"]}}],"collection":[{"href":"https:\/\/www.elpolitologoyelpolitico.com.ar\/wordpress\/wp-json\/wp\/v2\/posts"}],"about":[{"href":"https:\/\/www.elpolitologoyelpolitico.com.ar\/wordpress\/wp-json\/wp\/v2\/types\/post"}],"author":[{"embeddable":true,"href":"https:\/\/www.elpolitologoyelpolitico.com.ar\/wordpress\/wp-json\/wp\/v2\/users\/4"}],"replies":[{"embeddable":true,"href":"https:\/\/www.elpolitologoyelpolitico.com.ar\/wordpress\/wp-json\/wp\/v2\/comments?post=20462"}],"version-history":[{"count":0,"href":"https:\/\/www.elpolitologoyelpolitico.com.ar\/wordpress\/wp-json\/wp\/v2\/posts\/20462\/revisions"}],"wp:featuredmedia":[{"embeddable":true,"href":"https:\/\/www.elpolitologoyelpolitico.com.ar\/wordpress\/wp-json\/wp\/v2\/media\/20463"}],"wp:attachment":[{"href":"https:\/\/www.elpolitologoyelpolitico.com.ar\/wordpress\/wp-json\/wp\/v2\/media?parent=20462"}],"wp:term":[{"taxonomy":"category","embeddable":true,"href":"https:\/\/www.elpolitologoyelpolitico.com.ar\/wordpress\/wp-json\/wp\/v2\/categories?post=20462"},{"taxonomy":"post_tag","embeddable":true,"href":"https:\/\/www.elpolitologoyelpolitico.com.ar\/wordpress\/wp-json\/wp\/v2\/tags?post=20462"}],"curies":[{"name":"wp","href":"https:\/\/api.w.org\/{rel}","templated":true}]}}