{"id":20455,"date":"2022-05-14T01:14:32","date_gmt":"2022-05-14T01:14:32","guid":{"rendered":"https:\/\/www.elpolitologoyelpolitico.com.ar\/wordpress\/?p=20455"},"modified":"2022-05-14T01:14:33","modified_gmt":"2022-05-14T01:14:33","slug":"el-intendente-zara-recibio-a-la-directora-provincial-de-educacion-inicial-patricia-redondo","status":"publish","type":"post","link":"https:\/\/www.elpolitologoyelpolitico.com.ar\/wordpress\/2022\/05\/14\/el-intendente-zara-recibio-a-la-directora-provincial-de-educacion-inicial-patricia-redondo\/","title":{"rendered":"El Intendente Zara recibi\u00f3 a la Directora Provincial de Educaci\u00f3n Inicial, Patricia Redondo"},"content":{"rendered":"\n<p><\/p>\n\n\n\n<p>Este viernes, el Intendente Jos\u00e9 Luis Zara recibi\u00f3 a la Directora Provincial de Educaci\u00f3n Inicial de la Direcci\u00f3n General de Cultura y Educaci\u00f3n, Patricia Redondo, y asesores de la Direcci\u00f3n Provincial de Educaci\u00f3n Inicial, Luciano Roussy, Silvina Mazzoleni, Graciela Merino y Patricia Kaczmarzyk.&nbsp;<\/p>\n\n\n\n<p>El jefe comunal se reuni\u00f3 con la funcionaria provincial y sus asesores en el Jard\u00edn 901, de Carmen de Patagones, en ocasi\u00f3n de una jornada de trabajo en la cual participaron directoras de todos los Jardines de Infantes del Distrito.<\/p>\n\n\n\n<p>Estuvo acompa\u00f1ado por la Jefa Distrital de Educaci\u00f3n, Claudia Azpiroz, y el Presidente del Consejo Escolar, Paulo Bikaluk.<\/p>\n\n\n\n<figure class=\"wp-block-gallery has-nested-images columns-default is-cropped wp-block-gallery-1 is-layout-flex wp-block-gallery-is-layout-flex\">\n<figure class=\"wp-block-image size-large\"><img fetchpriority=\"high\" decoding=\"async\" width=\"720\" height=\"324\" data-id=\"20457\" src=\"https:\/\/www.elpolitologoyelpolitico.com.ar\/wp-content\/uploads\/2022\/05\/IMG-20220513-WA0055.jpg\" alt=\"\" class=\"wp-image-20457\" srcset=\"https:\/\/www.elpolitologoyelpolitico.com.ar\/wp-content\/uploads\/2022\/05\/IMG-20220513-WA0055.jpg 720w, https:\/\/www.elpolitologoyelpolitico.com.ar\/wp-content\/uploads\/2022\/05\/IMG-20220513-WA0055-300x135.jpg 300w\" sizes=\"(max-width: 720px) 100vw, 720px\" \/><\/figure>\n<\/figure>\n<div class=\"fb-background-color\">\n\t\t\t  <div \n\t\t\t  \tclass = \"fb-comments\" \n\t\t\t  \tdata-href = \"https:\/\/www.elpolitologoyelpolitico.com.ar\/wordpress\/2022\/05\/14\/el-intendente-zara-recibio-a-la-directora-provincial-de-educacion-inicial-patricia-redondo\/\"\n\t\t\t  \tdata-numposts = \"10\"\n\t\t\t  \tdata-lazy = \"true\"\n\t\t\t\tdata-colorscheme = \"light\"\n\t\t\t\tdata-order-by = \"social\"\n\t\t\t\tdata-mobile=true>\n\t\t\t  <\/div><\/div>\n\t\t  <style>\n\t\t    .fb-background-color {\n\t\t\t\tbackground: #ffffff !important;\n\t\t\t}\n\t\t\t.fb_iframe_widget_fluid_desktop iframe {\n\t\t\t    width: 100% !important;\n\t\t\t}\n\t\t  <\/style>\n\t\t  ","protected":false},"excerpt":{"rendered":"<p>Este viernes, el Intendente Jos\u00e9 Luis Zara recibi\u00f3 a la Directora Provincial de Educaci\u00f3n Inicial de la Direcci\u00f3n General de Cultura y Educaci\u00f3n, Patricia Redondo, y asesores de la Direcci\u00f3n Provincial de Educaci\u00f3n Inicial, Luciano Roussy, Silvina Mazzoleni, Graciela Merino y Patricia Kaczmarzyk.&nbsp; El jefe comunal se reuni\u00f3 con la funcionaria provincial y sus asesores [&hellip;]<\/p>\n","protected":false},"author":4,"featured_media":20456,"comment_status":"closed","ping_status":"closed","sticky":false,"template":"","format":"standard","meta":{"_joinchat":[],"footnotes":""},"categories":[39],"tags":[],"class_list":["post-20455","post","type-post","status-publish","format-standard","has-post-thumbnail","hentry","category-en-esta-seccion"],"_links":{"self":[{"href":"https:\/\/www.elpolitologoyelpolitico.com.ar\/wordpress\/wp-json\/wp\/v2\/posts\/20455","targetHints":{"allow":["GET"]}}],"collection":[{"href":"https:\/\/www.elpolitologoyelpolitico.com.ar\/wordpress\/wp-json\/wp\/v2\/posts"}],"about":[{"href":"https:\/\/www.elpolitologoyelpolitico.com.ar\/wordpress\/wp-json\/wp\/v2\/types\/post"}],"author":[{"embeddable":true,"href":"https:\/\/www.elpolitologoyelpolitico.com.ar\/wordpress\/wp-json\/wp\/v2\/users\/4"}],"replies":[{"embeddable":true,"href":"https:\/\/www.elpolitologoyelpolitico.com.ar\/wordpress\/wp-json\/wp\/v2\/comments?post=20455"}],"version-history":[{"count":0,"href":"https:\/\/www.elpolitologoyelpolitico.com.ar\/wordpress\/wp-json\/wp\/v2\/posts\/20455\/revisions"}],"wp:featuredmedia":[{"embeddable":true,"href":"https:\/\/www.elpolitologoyelpolitico.com.ar\/wordpress\/wp-json\/wp\/v2\/media\/20456"}],"wp:attachment":[{"href":"https:\/\/www.elpolitologoyelpolitico.com.ar\/wordpress\/wp-json\/wp\/v2\/media?parent=20455"}],"wp:term":[{"taxonomy":"category","embeddable":true,"href":"https:\/\/www.elpolitologoyelpolitico.com.ar\/wordpress\/wp-json\/wp\/v2\/categories?post=20455"},{"taxonomy":"post_tag","embeddable":true,"href":"https:\/\/www.elpolitologoyelpolitico.com.ar\/wordpress\/wp-json\/wp\/v2\/tags?post=20455"}],"curies":[{"name":"wp","href":"https:\/\/api.w.org\/{rel}","templated":true}]}}