{"id":20421,"date":"2022-05-12T23:53:25","date_gmt":"2022-05-12T23:53:25","guid":{"rendered":"https:\/\/www.elpolitologoyelpolitico.com.ar\/wordpress\/?p=20421"},"modified":"2022-05-12T23:53:57","modified_gmt":"2022-05-12T23:53:57","slug":"nutrida-agenda-cultural-para-este-fin-de-semana-en-rio-negro","status":"publish","type":"post","link":"https:\/\/www.elpolitologoyelpolitico.com.ar\/wordpress\/2022\/05\/12\/nutrida-agenda-cultural-para-este-fin-de-semana-en-rio-negro\/","title":{"rendered":"Nutrida agenda cultural para este fin de semana en R\u00edo Negro"},"content":{"rendered":"\t\t<div data-elementor-type=\"wp-post\" data-elementor-id=\"20421\" class=\"elementor elementor-20421\">\n\t\t\t\t\t\t<section class=\"elementor-section elementor-top-section elementor-element elementor-element-4577b447 elementor-section-boxed elementor-section-height-default elementor-section-height-default\" data-id=\"4577b447\" data-element_type=\"section\" data-e-type=\"section\">\n\t\t\t\t\t\t<div class=\"elementor-container elementor-column-gap-default\">\n\t\t\t\t\t<div class=\"elementor-column elementor-col-100 elementor-top-column elementor-element elementor-element-60e63b66\" data-id=\"60e63b66\" data-element_type=\"column\" data-e-type=\"column\">\n\t\t\t<div class=\"elementor-widget-wrap elementor-element-populated\">\n\t\t\t\t\t\t<div class=\"elementor-element elementor-element-2f3fe8d4 elementor-widget elementor-widget-text-editor\" data-id=\"2f3fe8d4\" data-element_type=\"widget\" data-e-type=\"widget\" data-widget_type=\"text-editor.default\">\n\t\t\t\t<div class=\"elementor-widget-container\">\n\t\t\t\t\t\t\t\t\t\n<p>La Secretar\u00eda de Estado de Cultura invita a participar de una m\u00faltiple oferta de actividades culturales a lo largo y ancho de la provincia.<\/p>\n\n\n\n<p>En Cipolletti se definir\u00e1 este domingo el primer Torneo Internacional de Ajedrez, y la Orquesta Filarm\u00f3nica de R\u00edo Negro brindar\u00e1 conciertos libres y gratuitos.<\/p>\n\n\n\n<p>En Bariloche llega el primer Festival de Arte de Marat\u00f3n en el teatro La Baita y en Godoy se podr\u00e1 disfrutar de la primera Fiesta Provincial del Asador.<\/p>\n\n\n\n<p>Agenda Cultural 12 al 19 de mayo<\/p>\n\n\n\n<p>Cipolletti<\/p>\n\n\n\n<p>Mi\u00e9rcoles 11 al domingo 15<\/p>\n\n\n\n<p>1er Torneo Internacional de Ajedrez<\/p>\n\n\n\n<p>Entrada libre y gratuita<\/p>\n\n\n\n<p>Complejo Cultural Cipolletti<\/p>\n\n\n\n<p>Viernes 13<\/p>\n\n\n\n<p>21 hs &#8211; Concierto de la Orquesta Filarm\u00f3nica de R\u00edo Negro junto al violonchelista Stanimir Todorov<\/p>\n\n\n\n<p>Entrada libre y gratuita<\/p>\n\n\n\n<p>Complejo Cultural Cipolletti<\/p>\n\n\n\n<p>S\u00e1bado 14<\/p>\n\n\n\n<p>20 hs &#8211; Concierto de laOrquesta Filarm\u00f3nica de R\u00edo Negro junto al violonchelistaStanimir Todorov<\/p>\n\n\n\n<p>Entrada libre y gratuita<\/p>\n\n\n\n<p>Complejo Cultural Cipolletti<\/p>\n\n\n\n<p>Chimpay<\/p>\n\n\n\n<p>S\u00e1bado 14<\/p>\n\n\n\n<p>20:30 hs &#8211; 117\u00ba Aniversario de Chimpay | Presentaci\u00f3n exclusiva \u201cPhuyais\u201d<\/p>\n\n\n\n<p>Polideportivo Parque Ceferino<\/p>\n\n\n\n<p>Bariloche<\/p>\n\n\n\n<p>Viernes 13, s\u00e1bado 14 y domingo 15<\/p>\n\n\n\n<p>19 hs &#8211; Festival de Arte- Marat\u00f3n Cultural<\/p>\n\n\n\n<p>Entrada libre y gratuita<\/p>\n\n\n\n<p>Teatro La Baita<\/p>\n\n\n\n<p>General Godoy<\/p>\n\n\n\n<p>Domingo 15<\/p>\n\n\n\n<p>10 hs &#8211; Fiesta Provincial delAsador<\/p>\n\n\n\n<p>Concurso de asadores y shows<\/p>\n\n\n\n<p>Predio Club Social y Deportivo Godoy<\/p>\n\t\t\t\t\t\t\t\t<\/div>\n\t\t\t\t<\/div>\n\t\t\t\t\t<\/div>\n\t\t<\/div>\n\t\t\t\t\t<\/div>\n\t\t<\/section>\n\t\t\t\t<\/div>\n\t\t<div class=\"fb-background-color\">\n\t\t\t  <div \n\t\t\t  \tclass = \"fb-comments\" \n\t\t\t  \tdata-href = \"https:\/\/www.elpolitologoyelpolitico.com.ar\/wordpress\/2022\/05\/12\/nutrida-agenda-cultural-para-este-fin-de-semana-en-rio-negro\/\"\n\t\t\t  \tdata-numposts = \"10\"\n\t\t\t  \tdata-lazy = \"true\"\n\t\t\t\tdata-colorscheme = \"light\"\n\t\t\t\tdata-order-by = \"social\"\n\t\t\t\tdata-mobile=true>\n\t\t\t  <\/div><\/div>\n\t\t  <style>\n\t\t    .fb-background-color {\n\t\t\t\tbackground: #ffffff !important;\n\t\t\t}\n\t\t\t.fb_iframe_widget_fluid_desktop iframe {\n\t\t\t    width: 100% !important;\n\t\t\t}\n\t\t  <\/style>\n\t\t  ","protected":false},"excerpt":{"rendered":"<p>La Secretar\u00eda de Estado de Cultura invita a participar de una m\u00faltiple oferta de actividades culturales a lo largo y ancho de la provincia. En Cipolletti se definir\u00e1 este domingo el primer Torneo Internacional de Ajedrez, y la Orquesta Filarm\u00f3nica de R\u00edo Negro brindar\u00e1 conciertos libres y gratuitos. En Bariloche llega el primer Festival de [&hellip;]<\/p>\n","protected":false},"author":4,"featured_media":20422,"comment_status":"closed","ping_status":"closed","sticky":false,"template":"","format":"standard","meta":{"_joinchat":[],"footnotes":""},"categories":[39],"tags":[],"class_list":["post-20421","post","type-post","status-publish","format-standard","has-post-thumbnail","hentry","category-en-esta-seccion"],"_links":{"self":[{"href":"https:\/\/www.elpolitologoyelpolitico.com.ar\/wordpress\/wp-json\/wp\/v2\/posts\/20421","targetHints":{"allow":["GET"]}}],"collection":[{"href":"https:\/\/www.elpolitologoyelpolitico.com.ar\/wordpress\/wp-json\/wp\/v2\/posts"}],"about":[{"href":"https:\/\/www.elpolitologoyelpolitico.com.ar\/wordpress\/wp-json\/wp\/v2\/types\/post"}],"author":[{"embeddable":true,"href":"https:\/\/www.elpolitologoyelpolitico.com.ar\/wordpress\/wp-json\/wp\/v2\/users\/4"}],"replies":[{"embeddable":true,"href":"https:\/\/www.elpolitologoyelpolitico.com.ar\/wordpress\/wp-json\/wp\/v2\/comments?post=20421"}],"version-history":[{"count":0,"href":"https:\/\/www.elpolitologoyelpolitico.com.ar\/wordpress\/wp-json\/wp\/v2\/posts\/20421\/revisions"}],"wp:featuredmedia":[{"embeddable":true,"href":"https:\/\/www.elpolitologoyelpolitico.com.ar\/wordpress\/wp-json\/wp\/v2\/media\/20422"}],"wp:attachment":[{"href":"https:\/\/www.elpolitologoyelpolitico.com.ar\/wordpress\/wp-json\/wp\/v2\/media?parent=20421"}],"wp:term":[{"taxonomy":"category","embeddable":true,"href":"https:\/\/www.elpolitologoyelpolitico.com.ar\/wordpress\/wp-json\/wp\/v2\/categories?post=20421"},{"taxonomy":"post_tag","embeddable":true,"href":"https:\/\/www.elpolitologoyelpolitico.com.ar\/wordpress\/wp-json\/wp\/v2\/tags?post=20421"}],"curies":[{"name":"wp","href":"https:\/\/api.w.org\/{rel}","templated":true}]}}