{"id":20404,"date":"2022-05-12T18:43:09","date_gmt":"2022-05-12T18:43:09","guid":{"rendered":"https:\/\/www.elpolitologoyelpolitico.com.ar\/wordpress\/?p=20404"},"modified":"2022-05-12T18:43:11","modified_gmt":"2022-05-12T18:43:11","slug":"hay-que-conformar-una-mesa-de-transporte-publico-para-solucionar-todos-los-problemas","status":"publish","type":"post","link":"https:\/\/www.elpolitologoyelpolitico.com.ar\/wordpress\/2022\/05\/12\/hay-que-conformar-una-mesa-de-transporte-publico-para-solucionar-todos-los-problemas\/","title":{"rendered":"\u201cHay que conformar una Mesa de Transporte P\u00fablico para solucionar todos los problemas\u201d"},"content":{"rendered":"\n<p><\/p>\n\n\n\n<p>Con respecto a la situaci\u00f3n que se vive en Patagones y Viedma, el Concejal del FDT Nicol\u00e1s Garcia indic\u00f3 que es necesario conformar una mesa de trabajo, que este integrada por el sector empresarial, el Estado y la Sociedad.&nbsp;<\/p>\n\n\n\n<p>Hay que recordar que en el dia de ayer se resolvi\u00f3 el problema que tenian mas de 250 estudiantes del instituto de Formaci\u00f3n docente.<\/p>\n\n\n\n<p>A partir de ayer, el colectivo pasa por la calle Botazzi a las 23hs, para que los estudiantes puedan seguir estudiando hasta el final y no se retiren antes o abandonen.<\/p>\n\n\n\n<p>\u201cSon varias las demandas que hay de los vecinos con respecto al transporte y hay que atendenlas a todas\u201d expres\u00f3 el Concejal.<\/p>\n\n\n\n<p>Otro sector importante son los adultos mayores que tienen dificultades para tomar el colectivo.&nbsp;<\/p>\n\n\n\n<p>\u201cPresentamos en el Concejo Deliberante un proyecto para que los adultos mayores puedan tener una frecuencia nueva y que posibilite un mejor servicio para ellos\u201d coment\u00f3 el Concejal.<\/p>\n\n\n\n<p>\u201cEl problema del transporte es un tema que se debe tratar en Patagones y Viedma, trabajando en conjunto para la sociedad, porque hay que agregar una linea que vaya por el Piente Viejo\u201d sostuvo el Concejal.<\/p>\n\n\n\n<p>La mesa de transporte p\u00fablico daria la posibilidad de que haya un espacio constante, sostenido para que los temas se traten y varios problemas se van a resolver rapido finaliz\u00f3 Garcia.<\/p>\n<div class=\"fb-background-color\">\n\t\t\t  <div \n\t\t\t  \tclass = \"fb-comments\" \n\t\t\t  \tdata-href = \"https:\/\/www.elpolitologoyelpolitico.com.ar\/wordpress\/2022\/05\/12\/hay-que-conformar-una-mesa-de-transporte-publico-para-solucionar-todos-los-problemas\/\"\n\t\t\t  \tdata-numposts = \"10\"\n\t\t\t  \tdata-lazy = \"true\"\n\t\t\t\tdata-colorscheme = \"light\"\n\t\t\t\tdata-order-by = \"social\"\n\t\t\t\tdata-mobile=true>\n\t\t\t  <\/div><\/div>\n\t\t  <style>\n\t\t    .fb-background-color {\n\t\t\t\tbackground: #ffffff !important;\n\t\t\t}\n\t\t\t.fb_iframe_widget_fluid_desktop iframe {\n\t\t\t    width: 100% !important;\n\t\t\t}\n\t\t  <\/style>\n\t\t  ","protected":false},"excerpt":{"rendered":"<p>Con respecto a la situaci\u00f3n que se vive en Patagones y Viedma, el Concejal del FDT Nicol\u00e1s Garcia indic\u00f3 que es necesario conformar una mesa de trabajo, que este integrada por el sector empresarial, el Estado y la Sociedad.&nbsp; Hay que recordar que en el dia de ayer se resolvi\u00f3 el problema que tenian mas [&hellip;]<\/p>\n","protected":false},"author":4,"featured_media":20405,"comment_status":"closed","ping_status":"closed","sticky":false,"template":"","format":"standard","meta":{"_joinchat":[],"footnotes":""},"categories":[39],"tags":[],"class_list":["post-20404","post","type-post","status-publish","format-standard","has-post-thumbnail","hentry","category-en-esta-seccion"],"_links":{"self":[{"href":"https:\/\/www.elpolitologoyelpolitico.com.ar\/wordpress\/wp-json\/wp\/v2\/posts\/20404","targetHints":{"allow":["GET"]}}],"collection":[{"href":"https:\/\/www.elpolitologoyelpolitico.com.ar\/wordpress\/wp-json\/wp\/v2\/posts"}],"about":[{"href":"https:\/\/www.elpolitologoyelpolitico.com.ar\/wordpress\/wp-json\/wp\/v2\/types\/post"}],"author":[{"embeddable":true,"href":"https:\/\/www.elpolitologoyelpolitico.com.ar\/wordpress\/wp-json\/wp\/v2\/users\/4"}],"replies":[{"embeddable":true,"href":"https:\/\/www.elpolitologoyelpolitico.com.ar\/wordpress\/wp-json\/wp\/v2\/comments?post=20404"}],"version-history":[{"count":0,"href":"https:\/\/www.elpolitologoyelpolitico.com.ar\/wordpress\/wp-json\/wp\/v2\/posts\/20404\/revisions"}],"wp:featuredmedia":[{"embeddable":true,"href":"https:\/\/www.elpolitologoyelpolitico.com.ar\/wordpress\/wp-json\/wp\/v2\/media\/20405"}],"wp:attachment":[{"href":"https:\/\/www.elpolitologoyelpolitico.com.ar\/wordpress\/wp-json\/wp\/v2\/media?parent=20404"}],"wp:term":[{"taxonomy":"category","embeddable":true,"href":"https:\/\/www.elpolitologoyelpolitico.com.ar\/wordpress\/wp-json\/wp\/v2\/categories?post=20404"},{"taxonomy":"post_tag","embeddable":true,"href":"https:\/\/www.elpolitologoyelpolitico.com.ar\/wordpress\/wp-json\/wp\/v2\/tags?post=20404"}],"curies":[{"name":"wp","href":"https:\/\/api.w.org\/{rel}","templated":true}]}}