{"id":20397,"date":"2022-05-12T12:47:50","date_gmt":"2022-05-12T12:47:50","guid":{"rendered":"https:\/\/www.elpolitologoyelpolitico.com.ar\/wordpress\/?p=20397"},"modified":"2022-05-12T12:47:52","modified_gmt":"2022-05-12T12:47:52","slug":"muestras-artisticas-recorreran-escuelas-de-viedma","status":"publish","type":"post","link":"https:\/\/www.elpolitologoyelpolitico.com.ar\/wordpress\/2022\/05\/12\/muestras-artisticas-recorreran-escuelas-de-viedma\/","title":{"rendered":"Muestras art\u00edsticas recorrer\u00e1n escuelas de Viedma"},"content":{"rendered":"\n<p><\/p>\n\n\n\n<p>En el marco de las jornadas \u201cArte para el Encuentro 2022\u201d, el Ministerio de Educaci\u00f3n y Derechos Humanos iniciar\u00e1 en Viedma un circuito de muestras art\u00edsticas itinerantes<\/p>\n\n\n\n<p>La propuesta, que es llevada adelante por el \u00c1rea de Educaci\u00f3n Art\u00edstica de la Direcci\u00f3n de Educaci\u00f3n, F\u00edsica, Art\u00edstica, Cultura y Clubes Escolares, presentar\u00e1 en la capital provincial una muestra colectiva de artistas visuales de la Comarca, denominada \u00abNgenco. Esp\u00edritu del Agua\u00bb.&nbsp;<\/p>\n\n\n\n<p>Estar\u00e1 disponible en la Escuela Primaria N\u00ba 297, tendr\u00e1 una duraci\u00f3n de dos meses y circular\u00e1 por diversos establecimientos educativos de la ciudad de Viedma.<\/p>\n\n\n\n<p>Asimismo, podr\u00e1 ser visitada por otras instituciones y estudiantes, y contempla, adem\u00e1s, espacios de formaci\u00f3n, de encuentro con artistas y de articulaci\u00f3n con contenidos en soporte audiovisual.&nbsp;<\/p>\n\n\n\n<p>Para mayor informaci\u00f3n dirigirse a <a href=\"mailto:educacionartistica.rn@gmail.com\">educacionartistica.rn@gmail.com<\/a><\/p>\n<div class=\"fb-background-color\">\n\t\t\t  <div \n\t\t\t  \tclass = \"fb-comments\" \n\t\t\t  \tdata-href = \"https:\/\/www.elpolitologoyelpolitico.com.ar\/wordpress\/2022\/05\/12\/muestras-artisticas-recorreran-escuelas-de-viedma\/\"\n\t\t\t  \tdata-numposts = \"10\"\n\t\t\t  \tdata-lazy = \"true\"\n\t\t\t\tdata-colorscheme = \"light\"\n\t\t\t\tdata-order-by = \"social\"\n\t\t\t\tdata-mobile=true>\n\t\t\t  <\/div><\/div>\n\t\t  <style>\n\t\t    .fb-background-color {\n\t\t\t\tbackground: #ffffff !important;\n\t\t\t}\n\t\t\t.fb_iframe_widget_fluid_desktop iframe {\n\t\t\t    width: 100% !important;\n\t\t\t}\n\t\t  <\/style>\n\t\t  ","protected":false},"excerpt":{"rendered":"<p>En el marco de las jornadas \u201cArte para el Encuentro 2022\u201d, el Ministerio de Educaci\u00f3n y Derechos Humanos iniciar\u00e1 en Viedma un circuito de muestras art\u00edsticas itinerantes La propuesta, que es llevada adelante por el \u00c1rea de Educaci\u00f3n Art\u00edstica de la Direcci\u00f3n de Educaci\u00f3n, F\u00edsica, Art\u00edstica, Cultura y Clubes Escolares, presentar\u00e1 en la capital provincial [&hellip;]<\/p>\n","protected":false},"author":4,"featured_media":20398,"comment_status":"closed","ping_status":"closed","sticky":false,"template":"","format":"standard","meta":{"_joinchat":[],"footnotes":""},"categories":[39],"tags":[],"class_list":["post-20397","post","type-post","status-publish","format-standard","has-post-thumbnail","hentry","category-en-esta-seccion"],"_links":{"self":[{"href":"https:\/\/www.elpolitologoyelpolitico.com.ar\/wordpress\/wp-json\/wp\/v2\/posts\/20397","targetHints":{"allow":["GET"]}}],"collection":[{"href":"https:\/\/www.elpolitologoyelpolitico.com.ar\/wordpress\/wp-json\/wp\/v2\/posts"}],"about":[{"href":"https:\/\/www.elpolitologoyelpolitico.com.ar\/wordpress\/wp-json\/wp\/v2\/types\/post"}],"author":[{"embeddable":true,"href":"https:\/\/www.elpolitologoyelpolitico.com.ar\/wordpress\/wp-json\/wp\/v2\/users\/4"}],"replies":[{"embeddable":true,"href":"https:\/\/www.elpolitologoyelpolitico.com.ar\/wordpress\/wp-json\/wp\/v2\/comments?post=20397"}],"version-history":[{"count":0,"href":"https:\/\/www.elpolitologoyelpolitico.com.ar\/wordpress\/wp-json\/wp\/v2\/posts\/20397\/revisions"}],"wp:featuredmedia":[{"embeddable":true,"href":"https:\/\/www.elpolitologoyelpolitico.com.ar\/wordpress\/wp-json\/wp\/v2\/media\/20398"}],"wp:attachment":[{"href":"https:\/\/www.elpolitologoyelpolitico.com.ar\/wordpress\/wp-json\/wp\/v2\/media?parent=20397"}],"wp:term":[{"taxonomy":"category","embeddable":true,"href":"https:\/\/www.elpolitologoyelpolitico.com.ar\/wordpress\/wp-json\/wp\/v2\/categories?post=20397"},{"taxonomy":"post_tag","embeddable":true,"href":"https:\/\/www.elpolitologoyelpolitico.com.ar\/wordpress\/wp-json\/wp\/v2\/tags?post=20397"}],"curies":[{"name":"wp","href":"https:\/\/api.w.org\/{rel}","templated":true}]}}