{"id":20394,"date":"2022-05-12T02:56:48","date_gmt":"2022-05-12T02:56:48","guid":{"rendered":"https:\/\/www.elpolitologoyelpolitico.com.ar\/wordpress\/?p=20394"},"modified":"2022-05-12T02:56:50","modified_gmt":"2022-05-12T02:56:50","slug":"la-gobernadora-carreras-ofrecio-un-complemento-salarial-a-los-gremios-estatales","status":"publish","type":"post","link":"https:\/\/www.elpolitologoyelpolitico.com.ar\/wordpress\/2022\/05\/12\/la-gobernadora-carreras-ofrecio-un-complemento-salarial-a-los-gremios-estatales\/","title":{"rendered":"La Gobernadora Carreras ofreci\u00f3 un complemento salarial a los gremios estatales"},"content":{"rendered":"\n<p><\/p>\n\n\n\n<p>La Gobernadora Arabela Carreras dispuso ofrecer un complemento del 2% de incremento salarial a los gremios estatales que forman parte de la Mesa de la Funci\u00f3n P\u00fablica, llevando la propuesta salarial a un 32% para el primer semestre del a\u00f1o.<\/p>\n\n\n\n<p>\u201cCon esta propuesta salarial, buscamos seguir cuidando el poder adquisitivo de nuestras familias rionegrinas, un tema que nos preocupa mucho ante el actual contexto inflacionario que sufre el pa\u00eds y que genera un constante aumento de los precios\u201d, se\u00f1al\u00f3 la Gobernadora.<\/p>\n\n\n\n<p>El ofrecimiento formulado por la Mandataria provincial consiste en sumar este complemento del 2% a la propuesta de 12% para los sueldos de mayo (totalizando un 14% para ese mes) y sostener el 8% con los de junio.<\/p>\n\n\n\n<p>Los sindicatos ratificaron que evaluar\u00e1n la propuesta en las pr\u00f3ximas horas a trav\u00e9s de sus cuerpos org\u00e1nicos y ofrecer\u00e1n una respuesta formal.<\/p>\n<div class=\"fb-background-color\">\n\t\t\t  <div \n\t\t\t  \tclass = \"fb-comments\" \n\t\t\t  \tdata-href = \"https:\/\/www.elpolitologoyelpolitico.com.ar\/wordpress\/2022\/05\/12\/la-gobernadora-carreras-ofrecio-un-complemento-salarial-a-los-gremios-estatales\/\"\n\t\t\t  \tdata-numposts = \"10\"\n\t\t\t  \tdata-lazy = \"true\"\n\t\t\t\tdata-colorscheme = \"light\"\n\t\t\t\tdata-order-by = \"social\"\n\t\t\t\tdata-mobile=true>\n\t\t\t  <\/div><\/div>\n\t\t  <style>\n\t\t    .fb-background-color {\n\t\t\t\tbackground: #ffffff !important;\n\t\t\t}\n\t\t\t.fb_iframe_widget_fluid_desktop iframe {\n\t\t\t    width: 100% !important;\n\t\t\t}\n\t\t  <\/style>\n\t\t  ","protected":false},"excerpt":{"rendered":"<p>La Gobernadora Arabela Carreras dispuso ofrecer un complemento del 2% de incremento salarial a los gremios estatales que forman parte de la Mesa de la Funci\u00f3n P\u00fablica, llevando la propuesta salarial a un 32% para el primer semestre del a\u00f1o. \u201cCon esta propuesta salarial, buscamos seguir cuidando el poder adquisitivo de nuestras familias rionegrinas, un [&hellip;]<\/p>\n","protected":false},"author":4,"featured_media":20395,"comment_status":"closed","ping_status":"closed","sticky":false,"template":"","format":"standard","meta":{"_joinchat":[],"footnotes":""},"categories":[39],"tags":[],"class_list":["post-20394","post","type-post","status-publish","format-standard","has-post-thumbnail","hentry","category-en-esta-seccion"],"_links":{"self":[{"href":"https:\/\/www.elpolitologoyelpolitico.com.ar\/wordpress\/wp-json\/wp\/v2\/posts\/20394","targetHints":{"allow":["GET"]}}],"collection":[{"href":"https:\/\/www.elpolitologoyelpolitico.com.ar\/wordpress\/wp-json\/wp\/v2\/posts"}],"about":[{"href":"https:\/\/www.elpolitologoyelpolitico.com.ar\/wordpress\/wp-json\/wp\/v2\/types\/post"}],"author":[{"embeddable":true,"href":"https:\/\/www.elpolitologoyelpolitico.com.ar\/wordpress\/wp-json\/wp\/v2\/users\/4"}],"replies":[{"embeddable":true,"href":"https:\/\/www.elpolitologoyelpolitico.com.ar\/wordpress\/wp-json\/wp\/v2\/comments?post=20394"}],"version-history":[{"count":0,"href":"https:\/\/www.elpolitologoyelpolitico.com.ar\/wordpress\/wp-json\/wp\/v2\/posts\/20394\/revisions"}],"wp:featuredmedia":[{"embeddable":true,"href":"https:\/\/www.elpolitologoyelpolitico.com.ar\/wordpress\/wp-json\/wp\/v2\/media\/20395"}],"wp:attachment":[{"href":"https:\/\/www.elpolitologoyelpolitico.com.ar\/wordpress\/wp-json\/wp\/v2\/media?parent=20394"}],"wp:term":[{"taxonomy":"category","embeddable":true,"href":"https:\/\/www.elpolitologoyelpolitico.com.ar\/wordpress\/wp-json\/wp\/v2\/categories?post=20394"},{"taxonomy":"post_tag","embeddable":true,"href":"https:\/\/www.elpolitologoyelpolitico.com.ar\/wordpress\/wp-json\/wp\/v2\/tags?post=20394"}],"curies":[{"name":"wp","href":"https:\/\/api.w.org\/{rel}","templated":true}]}}