{"id":20390,"date":"2022-05-12T02:24:40","date_gmt":"2022-05-12T02:24:40","guid":{"rendered":"https:\/\/www.elpolitologoyelpolitico.com.ar\/wordpress\/?p=20390"},"modified":"2022-05-12T02:25:28","modified_gmt":"2022-05-12T02:25:28","slug":"capacitacion-en-tecnologia-del-blockchain-y-criptomoneda","status":"publish","type":"post","link":"https:\/\/www.elpolitologoyelpolitico.com.ar\/wordpress\/2022\/05\/12\/capacitacion-en-tecnologia-del-blockchain-y-criptomoneda\/","title":{"rendered":"Capacitaci\u00f3n en tecnolog\u00eda del Blockchain y Criptomoneda"},"content":{"rendered":"\n<p>Este jueves 12, a las 17, en el Centro Cultural se brindar\u00e1 una capacitaci\u00f3n en tecnolog\u00eda de blockchain, criptomoneda y su impacto en las administraciones p\u00fablicas, como as\u00ed tambi\u00e9n sus potenciales usos.<\/p>\n\n\n\n<p>A esta tecnolog\u00eda se la ha llamado \u201cCadena de bloques\u201d porque se basa en una larga cadena de datos que est\u00e1n enlazados entre s\u00ed, y donde dichos eslabones son extremadamente\u00a0 dif\u00edciles de modificar.<\/p>\n\n\n\n<p>Por este motivo, es una tecnolog\u00eda de confianza que potencialmente podr\u00eda reemplazar la burocracia que est\u00e1 asociada a ciertas operaciones como son los contratos, las certificaciones y tambi\u00e9n se usa para las distintas criptomonedas, la m\u00e1s conocida es el Bitcoin.<\/p>\n\n\n\n<p>La introducci\u00f3n a la tem\u00e1tica est\u00e1 a cargo del magister y polit\u00f3logo especializado en Blockchain, Lucas Jol\u00edas, quien ha trabajado en diversos proyectos con gobiernos en Argentina, M\u00e9xico, Chile y Brasil e instituciones como el Banco Interamericano de desarrollo, Unicef y el Banco Mundial.<\/p>\n\n\n\n<p><\/p>\n<div class=\"fb-background-color\">\n\t\t\t  <div \n\t\t\t  \tclass = \"fb-comments\" \n\t\t\t  \tdata-href = \"https:\/\/www.elpolitologoyelpolitico.com.ar\/wordpress\/2022\/05\/12\/capacitacion-en-tecnologia-del-blockchain-y-criptomoneda\/\"\n\t\t\t  \tdata-numposts = \"10\"\n\t\t\t  \tdata-lazy = \"true\"\n\t\t\t\tdata-colorscheme = \"light\"\n\t\t\t\tdata-order-by = \"social\"\n\t\t\t\tdata-mobile=true>\n\t\t\t  <\/div><\/div>\n\t\t  <style>\n\t\t    .fb-background-color {\n\t\t\t\tbackground: #ffffff !important;\n\t\t\t}\n\t\t\t.fb_iframe_widget_fluid_desktop iframe {\n\t\t\t    width: 100% !important;\n\t\t\t}\n\t\t  <\/style>\n\t\t  ","protected":false},"excerpt":{"rendered":"<p>Este jueves 12, a las 17, en el Centro Cultural se brindar\u00e1 una capacitaci\u00f3n en tecnolog\u00eda de blockchain, criptomoneda y su impacto en las administraciones p\u00fablicas, como as\u00ed tambi\u00e9n sus potenciales usos. A esta tecnolog\u00eda se la ha llamado \u201cCadena de bloques\u201d porque se basa en una larga cadena de datos que est\u00e1n enlazados entre [&hellip;]<\/p>\n","protected":false},"author":4,"featured_media":20391,"comment_status":"closed","ping_status":"closed","sticky":false,"template":"","format":"standard","meta":{"_joinchat":[],"footnotes":""},"categories":[39],"tags":[],"class_list":["post-20390","post","type-post","status-publish","format-standard","has-post-thumbnail","hentry","category-en-esta-seccion"],"_links":{"self":[{"href":"https:\/\/www.elpolitologoyelpolitico.com.ar\/wordpress\/wp-json\/wp\/v2\/posts\/20390","targetHints":{"allow":["GET"]}}],"collection":[{"href":"https:\/\/www.elpolitologoyelpolitico.com.ar\/wordpress\/wp-json\/wp\/v2\/posts"}],"about":[{"href":"https:\/\/www.elpolitologoyelpolitico.com.ar\/wordpress\/wp-json\/wp\/v2\/types\/post"}],"author":[{"embeddable":true,"href":"https:\/\/www.elpolitologoyelpolitico.com.ar\/wordpress\/wp-json\/wp\/v2\/users\/4"}],"replies":[{"embeddable":true,"href":"https:\/\/www.elpolitologoyelpolitico.com.ar\/wordpress\/wp-json\/wp\/v2\/comments?post=20390"}],"version-history":[{"count":0,"href":"https:\/\/www.elpolitologoyelpolitico.com.ar\/wordpress\/wp-json\/wp\/v2\/posts\/20390\/revisions"}],"wp:featuredmedia":[{"embeddable":true,"href":"https:\/\/www.elpolitologoyelpolitico.com.ar\/wordpress\/wp-json\/wp\/v2\/media\/20391"}],"wp:attachment":[{"href":"https:\/\/www.elpolitologoyelpolitico.com.ar\/wordpress\/wp-json\/wp\/v2\/media?parent=20390"}],"wp:term":[{"taxonomy":"category","embeddable":true,"href":"https:\/\/www.elpolitologoyelpolitico.com.ar\/wordpress\/wp-json\/wp\/v2\/categories?post=20390"},{"taxonomy":"post_tag","embeddable":true,"href":"https:\/\/www.elpolitologoyelpolitico.com.ar\/wordpress\/wp-json\/wp\/v2\/tags?post=20390"}],"curies":[{"name":"wp","href":"https:\/\/api.w.org\/{rel}","templated":true}]}}