{"id":20379,"date":"2022-05-12T01:28:23","date_gmt":"2022-05-12T01:28:23","guid":{"rendered":"https:\/\/www.elpolitologoyelpolitico.com.ar\/wordpress\/?p=20379"},"modified":"2022-05-12T01:28:25","modified_gmt":"2022-05-12T01:28:25","slug":"se-dispuso-un-uso-alternativo-de-la-terminal-mientras-duren-las-obras","status":"publish","type":"post","link":"https:\/\/www.elpolitologoyelpolitico.com.ar\/wordpress\/2022\/05\/12\/se-dispuso-un-uso-alternativo-de-la-terminal-mientras-duren-las-obras\/","title":{"rendered":"Se dispuso un uso alternativo de la Terminal, mientras duren las obras"},"content":{"rendered":"\n<p><\/p>\n\n\n\n<p>El Gobierno de Viedma estableci\u00f3 el uso alternativo del predio de la Terminal de \u00d3mnibus, mientras se construya el nuevo edificio.<\/p>\n\n\n\n<p>Este uso incluye la reutilizaci\u00f3n del espacio para garantizar el servicio que presta la instituci\u00f3n, en un marco de orden y de seguridad.<\/p>\n\n\n\n<p>En esta primera etapa de la obra, el actual edificio seguir\u00e1 funcionando como hasta ahora, con apertura de boleter\u00edas, dep\u00f3sito de cargas, kiosco, gastronom\u00eda y sala de espera, entre otros servicios.<\/p>\n\n\n\n<p>La modificaci\u00f3n m\u00e1s relevante es para el ingreso y egreso de los micros de larga distancia. Lo har\u00e1n por calle Guido y tomar\u00e1n Estrada, para aparcar en el actual estacionamiento de autos lindante al edificio.<\/p>\n\n\n\n<p>Adem\u00e1s, se dispuso de otro espacio para que estacionen los veh\u00edculos particulares, que acceder\u00e1n por la calle Estrada y Lamadrid, frente a la sede del ProFarSe.<\/p>\n\n\n\n<p>El ingreso de las personas al actual edificio se mantendr\u00e1 por su puerta principal de la calle Guido, se clausur\u00f3 la salida por las puertas de atr\u00e1s, y se habilit\u00f3 un egreso alternativo por la puerta lateral lindante a los ba\u00f1os.<\/p>\n\n\n\n<p>La nueva terminal de \u00f3mnibus cuadruplicar\u00e1 a la actual en su dimensi\u00f3n.<\/p>\n\n\n\n<p>Las obras incluyen la refuncionalizaci\u00f3n del edificio en pie y la incorporaci\u00f3n de un nuevo complejo para boleter\u00edas, confiter\u00eda, locales comerciales y un amplio sector de espera.<\/p>\n\n\n\n<p>Tambi\u00e9n se prev\u00e9 la construcci\u00f3n de un espacio exclusivo para empresas dedicadas a encomiendas y paqueter\u00eda, con el objetivo de evitar la formaci\u00f3n de filas y la aglomeraci\u00f3n de personas dentro del sector de boleter\u00eda como sucede actualmente.<\/p>\n\n\n\n<p>Todo el proyecto contempla la accesibilidad para personas con discapacidad, espacios destinados a las necesidades de madres y\/o padres con bebes y ni\u00f1os peque\u00f1os; un sector de espera amplio y con vista hacia las d\u00e1rsenas.<\/p>\n\n\n\n<figure class=\"wp-block-gallery has-nested-images columns-default is-cropped wp-block-gallery-1 is-layout-flex wp-block-gallery-is-layout-flex\">\n<figure class=\"wp-block-image size-large\"><img fetchpriority=\"high\" decoding=\"async\" width=\"320\" height=\"213\" data-id=\"20381\" src=\"https:\/\/www.elpolitologoyelpolitico.com.ar\/wp-content\/uploads\/2022\/05\/IMG-20220511-WA0045.jpg\" alt=\"\" class=\"wp-image-20381\" srcset=\"https:\/\/www.elpolitologoyelpolitico.com.ar\/wp-content\/uploads\/2022\/05\/IMG-20220511-WA0045.jpg 320w, https:\/\/www.elpolitologoyelpolitico.com.ar\/wp-content\/uploads\/2022\/05\/IMG-20220511-WA0045-300x200.jpg 300w\" sizes=\"(max-width: 320px) 100vw, 320px\" \/><\/figure>\n\n\n\n<figure class=\"wp-block-image size-large\"><img decoding=\"async\" width=\"720\" height=\"520\" data-id=\"20382\" src=\"https:\/\/www.elpolitologoyelpolitico.com.ar\/wp-content\/uploads\/2022\/05\/IMG-20220511-WA0044.jpg\" alt=\"\" class=\"wp-image-20382\" srcset=\"https:\/\/www.elpolitologoyelpolitico.com.ar\/wp-content\/uploads\/2022\/05\/IMG-20220511-WA0044.jpg 720w, https:\/\/www.elpolitologoyelpolitico.com.ar\/wp-content\/uploads\/2022\/05\/IMG-20220511-WA0044-300x217.jpg 300w\" sizes=\"(max-width: 720px) 100vw, 720px\" \/><\/figure>\n<\/figure>\n<div class=\"fb-background-color\">\n\t\t\t  <div \n\t\t\t  \tclass = \"fb-comments\" \n\t\t\t  \tdata-href = \"https:\/\/www.elpolitologoyelpolitico.com.ar\/wordpress\/2022\/05\/12\/se-dispuso-un-uso-alternativo-de-la-terminal-mientras-duren-las-obras\/\"\n\t\t\t  \tdata-numposts = \"10\"\n\t\t\t  \tdata-lazy = \"true\"\n\t\t\t\tdata-colorscheme = \"light\"\n\t\t\t\tdata-order-by = \"social\"\n\t\t\t\tdata-mobile=true>\n\t\t\t  <\/div><\/div>\n\t\t  <style>\n\t\t    .fb-background-color {\n\t\t\t\tbackground: #ffffff !important;\n\t\t\t}\n\t\t\t.fb_iframe_widget_fluid_desktop iframe {\n\t\t\t    width: 100% !important;\n\t\t\t}\n\t\t  <\/style>\n\t\t  ","protected":false},"excerpt":{"rendered":"<p>El Gobierno de Viedma estableci\u00f3 el uso alternativo del predio de la Terminal de \u00d3mnibus, mientras se construya el nuevo edificio. Este uso incluye la reutilizaci\u00f3n del espacio para garantizar el servicio que presta la instituci\u00f3n, en un marco de orden y de seguridad. En esta primera etapa de la obra, el actual edificio seguir\u00e1 [&hellip;]<\/p>\n","protected":false},"author":4,"featured_media":20380,"comment_status":"closed","ping_status":"closed","sticky":false,"template":"","format":"standard","meta":{"_joinchat":[],"footnotes":""},"categories":[39],"tags":[],"class_list":["post-20379","post","type-post","status-publish","format-standard","has-post-thumbnail","hentry","category-en-esta-seccion"],"_links":{"self":[{"href":"https:\/\/www.elpolitologoyelpolitico.com.ar\/wordpress\/wp-json\/wp\/v2\/posts\/20379","targetHints":{"allow":["GET"]}}],"collection":[{"href":"https:\/\/www.elpolitologoyelpolitico.com.ar\/wordpress\/wp-json\/wp\/v2\/posts"}],"about":[{"href":"https:\/\/www.elpolitologoyelpolitico.com.ar\/wordpress\/wp-json\/wp\/v2\/types\/post"}],"author":[{"embeddable":true,"href":"https:\/\/www.elpolitologoyelpolitico.com.ar\/wordpress\/wp-json\/wp\/v2\/users\/4"}],"replies":[{"embeddable":true,"href":"https:\/\/www.elpolitologoyelpolitico.com.ar\/wordpress\/wp-json\/wp\/v2\/comments?post=20379"}],"version-history":[{"count":0,"href":"https:\/\/www.elpolitologoyelpolitico.com.ar\/wordpress\/wp-json\/wp\/v2\/posts\/20379\/revisions"}],"wp:featuredmedia":[{"embeddable":true,"href":"https:\/\/www.elpolitologoyelpolitico.com.ar\/wordpress\/wp-json\/wp\/v2\/media\/20380"}],"wp:attachment":[{"href":"https:\/\/www.elpolitologoyelpolitico.com.ar\/wordpress\/wp-json\/wp\/v2\/media?parent=20379"}],"wp:term":[{"taxonomy":"category","embeddable":true,"href":"https:\/\/www.elpolitologoyelpolitico.com.ar\/wordpress\/wp-json\/wp\/v2\/categories?post=20379"},{"taxonomy":"post_tag","embeddable":true,"href":"https:\/\/www.elpolitologoyelpolitico.com.ar\/wordpress\/wp-json\/wp\/v2\/tags?post=20379"}],"curies":[{"name":"wp","href":"https:\/\/api.w.org\/{rel}","templated":true}]}}