{"id":20364,"date":"2022-05-11T17:48:27","date_gmt":"2022-05-11T17:48:27","guid":{"rendered":"https:\/\/www.elpolitologoyelpolitico.com.ar\/wordpress\/?p=20364"},"modified":"2022-05-11T17:48:32","modified_gmt":"2022-05-11T17:48:32","slug":"%f0%9d%97%94%f0%9d%97%a7%f0%9d%97%98-%f0%9d%97%b9%f0%9d%97%bc%f0%9d%97%b4%f0%9d%97%bf%f0%9d%97%ae-%f0%9d%98%82%f0%9d%97%bb-%f0%9d%97%b0%f0%9d%97%bc%f0%9d%97%ba%f0%9d%97%bd%f0%9d%97%b9%f0%9d%97%b2","status":"publish","type":"post","link":"https:\/\/www.elpolitologoyelpolitico.com.ar\/wordpress\/2022\/05\/11\/%f0%9d%97%94%f0%9d%97%a7%f0%9d%97%98-%f0%9d%97%b9%f0%9d%97%bc%f0%9d%97%b4%f0%9d%97%bf%f0%9d%97%ae-%f0%9d%98%82%f0%9d%97%bb-%f0%9d%97%b0%f0%9d%97%bc%f0%9d%97%ba%f0%9d%97%bd%f0%9d%97%b9%f0%9d%97%b2\/","title":{"rendered":"\ud835\uddd4\ud835\udde7\ud835\uddd8 \ud835\uddf9\ud835\uddfc\ud835\uddf4\ud835\uddff\ud835\uddee \ud835\ude02\ud835\uddfb \ud835\uddf0\ud835\uddfc\ud835\uddfa\ud835\uddfd\ud835\uddf9\ud835\uddf2\ud835\uddfa\ud835\uddf2\ud835\uddfb\ud835\ude01\ud835\uddfc \ud835\ude06 \ud835\uddf9\ud835\uddee \ud835\uddff\ud835\uddf2\ud835\ude03\ud835\uddf6\ud835\ude00\ud835\uddf6\ud835\uddfc\u0301\ud835\uddfb \ud835\uddf9\ud835\uddf9\ud835\uddf2\ud835\uddf4\ud835\uddee \ud835\uddee\ud835\uddf9 \ud835\udfef\ud835\udfee% \ud835\ude00\ud835\uddf2\ud835\uddfa\ud835\uddf2\ud835\ude00\ud835\ude01\ud835\uddff\ud835\uddee\ud835\uddf9"},"content":{"rendered":"\n<p>\u00a0\u00a0\u00a0<\/p>\n\n\n\n<p>La Asociaci\u00f3n Trabajadores del Estado (ATE) recibi\u00f3 una nueva oferta de revisi\u00f3n que eleva el incremento de salario semestral a un 32%. Ocurri\u00f3 hoy a la tarde, luego de la reuni\u00f3n del Consejo de la Funci\u00f3n P\u00fablica, en un di\u00e1logo telef\u00f3nico entre el gremio y el Ejecutivo.<\/p>\n\n\n\n<p>La propuesta agrega un item complementario de 2% m\u00e1s al 12% ofrecido para mayo y mantiene el 8% para junio. Sumado al 10% ya percibido en marzo y abril y bono de $15.000 acordado entre ATE y la gobernadora Arabela Carreras, el incremento semestral alcanza (y supera incluso) el 32%.<\/p>\n\n\n\n<p>El gremio volvi\u00f3 a ratificar que durante las pr\u00f3ximas horas convocar\u00e1 a los secretarios generales de toda la provincia para evaluar la oferta que establece revisi\u00f3n e inicio del an\u00e1lisis del segundo semestre durante la primera semana de julio.<\/p>\n\n\n\n<p>Cabe destacar, que ATE llega a esta instancia de negociaci\u00f3n luego de una protesta de 72 horas, ya que el acta firmada la \u00faltima vez estableci\u00f3 la revisi\u00f3n reci\u00e9n en junio.<\/p>\n<div class=\"fb-background-color\">\n\t\t\t  <div \n\t\t\t  \tclass = \"fb-comments\" \n\t\t\t  \tdata-href = \"https:\/\/www.elpolitologoyelpolitico.com.ar\/wordpress\/2022\/05\/11\/%f0%9d%97%94%f0%9d%97%a7%f0%9d%97%98-%f0%9d%97%b9%f0%9d%97%bc%f0%9d%97%b4%f0%9d%97%bf%f0%9d%97%ae-%f0%9d%98%82%f0%9d%97%bb-%f0%9d%97%b0%f0%9d%97%bc%f0%9d%97%ba%f0%9d%97%bd%f0%9d%97%b9%f0%9d%97%b2\/\"\n\t\t\t  \tdata-numposts = \"10\"\n\t\t\t  \tdata-lazy = \"true\"\n\t\t\t\tdata-colorscheme = \"light\"\n\t\t\t\tdata-order-by = \"social\"\n\t\t\t\tdata-mobile=true>\n\t\t\t  <\/div><\/div>\n\t\t  <style>\n\t\t    .fb-background-color {\n\t\t\t\tbackground: #ffffff !important;\n\t\t\t}\n\t\t\t.fb_iframe_widget_fluid_desktop iframe {\n\t\t\t    width: 100% !important;\n\t\t\t}\n\t\t  <\/style>\n\t\t  ","protected":false},"excerpt":{"rendered":"<p>\u00a0\u00a0\u00a0 La Asociaci\u00f3n Trabajadores del Estado (ATE) recibi\u00f3 una nueva oferta de revisi\u00f3n que eleva el incremento de salario semestral a un 32%. Ocurri\u00f3 hoy a la tarde, luego de la reuni\u00f3n del Consejo de la Funci\u00f3n P\u00fablica, en un di\u00e1logo telef\u00f3nico entre el gremio y el Ejecutivo. La propuesta agrega un item complementario de [&hellip;]<\/p>\n","protected":false},"author":4,"featured_media":20365,"comment_status":"closed","ping_status":"closed","sticky":false,"template":"","format":"standard","meta":{"_joinchat":[],"footnotes":""},"categories":[39],"tags":[],"class_list":["post-20364","post","type-post","status-publish","format-standard","has-post-thumbnail","hentry","category-en-esta-seccion"],"_links":{"self":[{"href":"https:\/\/www.elpolitologoyelpolitico.com.ar\/wordpress\/wp-json\/wp\/v2\/posts\/20364","targetHints":{"allow":["GET"]}}],"collection":[{"href":"https:\/\/www.elpolitologoyelpolitico.com.ar\/wordpress\/wp-json\/wp\/v2\/posts"}],"about":[{"href":"https:\/\/www.elpolitologoyelpolitico.com.ar\/wordpress\/wp-json\/wp\/v2\/types\/post"}],"author":[{"embeddable":true,"href":"https:\/\/www.elpolitologoyelpolitico.com.ar\/wordpress\/wp-json\/wp\/v2\/users\/4"}],"replies":[{"embeddable":true,"href":"https:\/\/www.elpolitologoyelpolitico.com.ar\/wordpress\/wp-json\/wp\/v2\/comments?post=20364"}],"version-history":[{"count":0,"href":"https:\/\/www.elpolitologoyelpolitico.com.ar\/wordpress\/wp-json\/wp\/v2\/posts\/20364\/revisions"}],"wp:featuredmedia":[{"embeddable":true,"href":"https:\/\/www.elpolitologoyelpolitico.com.ar\/wordpress\/wp-json\/wp\/v2\/media\/20365"}],"wp:attachment":[{"href":"https:\/\/www.elpolitologoyelpolitico.com.ar\/wordpress\/wp-json\/wp\/v2\/media?parent=20364"}],"wp:term":[{"taxonomy":"category","embeddable":true,"href":"https:\/\/www.elpolitologoyelpolitico.com.ar\/wordpress\/wp-json\/wp\/v2\/categories?post=20364"},{"taxonomy":"post_tag","embeddable":true,"href":"https:\/\/www.elpolitologoyelpolitico.com.ar\/wordpress\/wp-json\/wp\/v2\/tags?post=20364"}],"curies":[{"name":"wp","href":"https:\/\/api.w.org\/{rel}","templated":true}]}}