{"id":20348,"date":"2022-05-11T13:46:44","date_gmt":"2022-05-11T13:46:44","guid":{"rendered":"https:\/\/www.elpolitologoyelpolitico.com.ar\/wordpress\/?p=20348"},"modified":"2022-05-11T13:46:45","modified_gmt":"2022-05-11T13:46:45","slug":"mesa-de-la-funcion-publica-el-gobierno-mejoro-la-propuesta-salarial-a-estatales","status":"publish","type":"post","link":"https:\/\/www.elpolitologoyelpolitico.com.ar\/wordpress\/2022\/05\/11\/mesa-de-la-funcion-publica-el-gobierno-mejoro-la-propuesta-salarial-a-estatales\/","title":{"rendered":"Mesa de la Funci\u00f3n P\u00fablica: el Gobierno mejor\u00f3 la propuesta salarial a estatales"},"content":{"rendered":"\n<p>El Gobierno de R\u00edo Negro present\u00f3 una oferta salarial superadora a los gremios nucleados en la Mesa de la Funci\u00f3n P\u00fablica, que comprende un incremento salarial del 12% con los haberes de mayo y un 8% con los de junio. De esta manera, se llega a un 30% para el primer semestre del a\u00f1o.<\/p>\n\n\n\n<p>El anterior acuerdo firmado oportunamente, preve\u00eda para los sueldos de mayo un incremento del 6% y para junio, un 8%. De esta manera, el Gobierno adelant\u00f3 un mes la reapertura de la discusi\u00f3n salarial prevista en principio para junio, y elev\u00f3 el porcentaje de aumento a pagar con los haberes de mayo.<\/p>\n\n\n\n<p>Participaron del encuentro el Ministro de Econom\u00eda, Luis Vaisberg; de Gobierno y Comunidad, Rodrigo Buteler; la Secretaria de la Funci\u00f3n P\u00fablica, Liliana Arriaga; el secretario general de ATE, Rodrigo Vicente y el secretario adjunto de UPCN, Luis Rosas.<\/p>\n<div class=\"fb-background-color\">\n\t\t\t  <div \n\t\t\t  \tclass = \"fb-comments\" \n\t\t\t  \tdata-href = \"https:\/\/www.elpolitologoyelpolitico.com.ar\/wordpress\/2022\/05\/11\/mesa-de-la-funcion-publica-el-gobierno-mejoro-la-propuesta-salarial-a-estatales\/\"\n\t\t\t  \tdata-numposts = \"10\"\n\t\t\t  \tdata-lazy = \"true\"\n\t\t\t\tdata-colorscheme = \"light\"\n\t\t\t\tdata-order-by = \"social\"\n\t\t\t\tdata-mobile=true>\n\t\t\t  <\/div><\/div>\n\t\t  <style>\n\t\t    .fb-background-color {\n\t\t\t\tbackground: #ffffff !important;\n\t\t\t}\n\t\t\t.fb_iframe_widget_fluid_desktop iframe {\n\t\t\t    width: 100% !important;\n\t\t\t}\n\t\t  <\/style>\n\t\t  ","protected":false},"excerpt":{"rendered":"<p>El Gobierno de R\u00edo Negro present\u00f3 una oferta salarial superadora a los gremios nucleados en la Mesa de la Funci\u00f3n P\u00fablica, que comprende un incremento salarial del 12% con los haberes de mayo y un 8% con los de junio. De esta manera, se llega a un 30% para el primer semestre del a\u00f1o. El [&hellip;]<\/p>\n","protected":false},"author":4,"featured_media":20349,"comment_status":"closed","ping_status":"closed","sticky":false,"template":"","format":"standard","meta":{"_joinchat":[],"footnotes":""},"categories":[39],"tags":[],"class_list":["post-20348","post","type-post","status-publish","format-standard","has-post-thumbnail","hentry","category-en-esta-seccion"],"_links":{"self":[{"href":"https:\/\/www.elpolitologoyelpolitico.com.ar\/wordpress\/wp-json\/wp\/v2\/posts\/20348","targetHints":{"allow":["GET"]}}],"collection":[{"href":"https:\/\/www.elpolitologoyelpolitico.com.ar\/wordpress\/wp-json\/wp\/v2\/posts"}],"about":[{"href":"https:\/\/www.elpolitologoyelpolitico.com.ar\/wordpress\/wp-json\/wp\/v2\/types\/post"}],"author":[{"embeddable":true,"href":"https:\/\/www.elpolitologoyelpolitico.com.ar\/wordpress\/wp-json\/wp\/v2\/users\/4"}],"replies":[{"embeddable":true,"href":"https:\/\/www.elpolitologoyelpolitico.com.ar\/wordpress\/wp-json\/wp\/v2\/comments?post=20348"}],"version-history":[{"count":0,"href":"https:\/\/www.elpolitologoyelpolitico.com.ar\/wordpress\/wp-json\/wp\/v2\/posts\/20348\/revisions"}],"wp:featuredmedia":[{"embeddable":true,"href":"https:\/\/www.elpolitologoyelpolitico.com.ar\/wordpress\/wp-json\/wp\/v2\/media\/20349"}],"wp:attachment":[{"href":"https:\/\/www.elpolitologoyelpolitico.com.ar\/wordpress\/wp-json\/wp\/v2\/media?parent=20348"}],"wp:term":[{"taxonomy":"category","embeddable":true,"href":"https:\/\/www.elpolitologoyelpolitico.com.ar\/wordpress\/wp-json\/wp\/v2\/categories?post=20348"},{"taxonomy":"post_tag","embeddable":true,"href":"https:\/\/www.elpolitologoyelpolitico.com.ar\/wordpress\/wp-json\/wp\/v2\/tags?post=20348"}],"curies":[{"name":"wp","href":"https:\/\/api.w.org\/{rel}","templated":true}]}}