{"id":20343,"date":"2022-05-11T12:21:25","date_gmt":"2022-05-11T12:21:25","guid":{"rendered":"https:\/\/www.elpolitologoyelpolitico.com.ar\/wordpress\/?p=20343"},"modified":"2022-05-11T12:21:27","modified_gmt":"2022-05-11T12:21:27","slug":"viedma-estrecha-vinculos-con-la-fundacion-internacional-carlos-gardel-buenos-aires-paris-new-york","status":"publish","type":"post","link":"https:\/\/www.elpolitologoyelpolitico.com.ar\/wordpress\/2022\/05\/11\/viedma-estrecha-vinculos-con-la-fundacion-internacional-carlos-gardel-buenos-aires-paris-new-york\/","title":{"rendered":"Viedma estrecha v\u00ednculos con la \u00abFundaci\u00f3n Internacional Carlos Gardel\u00bb Buenos Aires-Par\u00eds-New York"},"content":{"rendered":"\n<p><\/p>\n\n\n\n<p>El gobierno de Viedma, a trav\u00e9s de la Direcci\u00f3n de Identidad Comunitaria, contin\u00faa reforzando el patrimonio hist\u00f3rico y cultural de los museos de la ciudad.<\/p>\n\n\n\n<p>En esta oportunidad, la encargada y representante del Museo Gardeliano \u201cLisandro Segovia\u201d, Laura Segovia (hija del coleccionista Lisandro Segovia) se reuni\u00f3 con el presidente de la Fundaci\u00f3n Internacional Carlos Gardel, el Sr. Walter Santoro.<\/p>\n\n\n\n<p>El Sr. Santoro desde el a\u00f1o 2018 posee los derechos sucesorios de Carlos Gardel y en el a\u00f1o 2019 constituy\u00f3 la fundaci\u00f3n que es la albacea de los derechos patrimoniales y morales del artista.<\/p>\n\n\n\n<p>En este encuentro se convers\u00f3 sobre la vida de Carlos Gardel y sobre los nuevos proyectos que en un futuro se ver\u00e1n concretados en nuestro Museo Gardeliano.<\/p>\n\n\n\n<p>Como tema principal de esta reuni\u00f3n se habl\u00f3 sobre la idea de darle al museo una proyecci\u00f3n internacional incorporando elementos de la colecci\u00f3n personal de Gardel, que son propiedad de la Fundaci\u00f3n.<\/p>\n\n\n\n<p>Se comparten algunas de las fotos que muestran los tesoros que protege la Fundaci\u00f3n y tambi\u00e9n la \u00abGuitarra Estrellada\u00bb utilizada por Gardel en la pel\u00edcula \u00abEl d\u00eda que me quieras\u201d.<\/p>\n\n\n\n<p>Con estos lazos de colaboraci\u00f3n, el Museo Gardeliano, comenzar\u00e1 a visualizarse no s\u00f3lo a nivel local y nacional, sino tambi\u00e9n,&nbsp; internacional, dado que es el \u00fanico en el interior del pa\u00eds que posee una colecci\u00f3n tan amplia en lo que respecta a la vida de Carlos Gardel.<\/p>\n\n\n\n<p>Pr\u00f3ximamente el Sr. Walter Santoro nos visitar\u00e1 y se firmaran convenios de colaboraci\u00f3n entre el Municipio de Viedma y la Fundaci\u00f3n.<\/p>\n\n\n\n<figure class=\"wp-block-gallery has-nested-images columns-default is-cropped wp-block-gallery-1 is-layout-flex wp-block-gallery-is-layout-flex\">\n<figure class=\"wp-block-image size-large\"><img fetchpriority=\"high\" decoding=\"async\" width=\"720\" height=\"331\" data-id=\"20345\" src=\"https:\/\/www.elpolitologoyelpolitico.com.ar\/wp-content\/uploads\/2022\/05\/IMG-20220510-WA0059.jpg\" alt=\"\" class=\"wp-image-20345\" srcset=\"https:\/\/www.elpolitologoyelpolitico.com.ar\/wp-content\/uploads\/2022\/05\/IMG-20220510-WA0059.jpg 720w, https:\/\/www.elpolitologoyelpolitico.com.ar\/wp-content\/uploads\/2022\/05\/IMG-20220510-WA0059-300x138.jpg 300w\" sizes=\"(max-width: 720px) 100vw, 720px\" \/><\/figure>\n\n\n\n<figure class=\"wp-block-image size-large\"><img decoding=\"async\" width=\"720\" height=\"332\" data-id=\"20346\" src=\"https:\/\/www.elpolitologoyelpolitico.com.ar\/wp-content\/uploads\/2022\/05\/IMG-20220510-WA0060.jpg\" alt=\"\" class=\"wp-image-20346\" srcset=\"https:\/\/www.elpolitologoyelpolitico.com.ar\/wp-content\/uploads\/2022\/05\/IMG-20220510-WA0060.jpg 720w, https:\/\/www.elpolitologoyelpolitico.com.ar\/wp-content\/uploads\/2022\/05\/IMG-20220510-WA0060-300x138.jpg 300w\" sizes=\"(max-width: 720px) 100vw, 720px\" \/><\/figure>\n<\/figure>\n<div class=\"fb-background-color\">\n\t\t\t  <div \n\t\t\t  \tclass = \"fb-comments\" \n\t\t\t  \tdata-href = \"https:\/\/www.elpolitologoyelpolitico.com.ar\/wordpress\/2022\/05\/11\/viedma-estrecha-vinculos-con-la-fundacion-internacional-carlos-gardel-buenos-aires-paris-new-york\/\"\n\t\t\t  \tdata-numposts = \"10\"\n\t\t\t  \tdata-lazy = \"true\"\n\t\t\t\tdata-colorscheme = \"light\"\n\t\t\t\tdata-order-by = \"social\"\n\t\t\t\tdata-mobile=true>\n\t\t\t  <\/div><\/div>\n\t\t  <style>\n\t\t    .fb-background-color {\n\t\t\t\tbackground: #ffffff !important;\n\t\t\t}\n\t\t\t.fb_iframe_widget_fluid_desktop iframe {\n\t\t\t    width: 100% !important;\n\t\t\t}\n\t\t  <\/style>\n\t\t  ","protected":false},"excerpt":{"rendered":"<p>El gobierno de Viedma, a trav\u00e9s de la Direcci\u00f3n de Identidad Comunitaria, contin\u00faa reforzando el patrimonio hist\u00f3rico y cultural de los museos de la ciudad. En esta oportunidad, la encargada y representante del Museo Gardeliano \u201cLisandro Segovia\u201d, Laura Segovia (hija del coleccionista Lisandro Segovia) se reuni\u00f3 con el presidente de la Fundaci\u00f3n Internacional Carlos Gardel, [&hellip;]<\/p>\n","protected":false},"author":4,"featured_media":20344,"comment_status":"closed","ping_status":"closed","sticky":false,"template":"","format":"standard","meta":{"_joinchat":[],"footnotes":""},"categories":[39],"tags":[],"class_list":["post-20343","post","type-post","status-publish","format-standard","has-post-thumbnail","hentry","category-en-esta-seccion"],"_links":{"self":[{"href":"https:\/\/www.elpolitologoyelpolitico.com.ar\/wordpress\/wp-json\/wp\/v2\/posts\/20343","targetHints":{"allow":["GET"]}}],"collection":[{"href":"https:\/\/www.elpolitologoyelpolitico.com.ar\/wordpress\/wp-json\/wp\/v2\/posts"}],"about":[{"href":"https:\/\/www.elpolitologoyelpolitico.com.ar\/wordpress\/wp-json\/wp\/v2\/types\/post"}],"author":[{"embeddable":true,"href":"https:\/\/www.elpolitologoyelpolitico.com.ar\/wordpress\/wp-json\/wp\/v2\/users\/4"}],"replies":[{"embeddable":true,"href":"https:\/\/www.elpolitologoyelpolitico.com.ar\/wordpress\/wp-json\/wp\/v2\/comments?post=20343"}],"version-history":[{"count":0,"href":"https:\/\/www.elpolitologoyelpolitico.com.ar\/wordpress\/wp-json\/wp\/v2\/posts\/20343\/revisions"}],"wp:featuredmedia":[{"embeddable":true,"href":"https:\/\/www.elpolitologoyelpolitico.com.ar\/wordpress\/wp-json\/wp\/v2\/media\/20344"}],"wp:attachment":[{"href":"https:\/\/www.elpolitologoyelpolitico.com.ar\/wordpress\/wp-json\/wp\/v2\/media?parent=20343"}],"wp:term":[{"taxonomy":"category","embeddable":true,"href":"https:\/\/www.elpolitologoyelpolitico.com.ar\/wordpress\/wp-json\/wp\/v2\/categories?post=20343"},{"taxonomy":"post_tag","embeddable":true,"href":"https:\/\/www.elpolitologoyelpolitico.com.ar\/wordpress\/wp-json\/wp\/v2\/tags?post=20343"}],"curies":[{"name":"wp","href":"https:\/\/api.w.org\/{rel}","templated":true}]}}