{"id":20332,"date":"2022-05-11T01:33:16","date_gmt":"2022-05-11T01:33:16","guid":{"rendered":"https:\/\/www.elpolitologoyelpolitico.com.ar\/wordpress\/?p=20332"},"modified":"2022-05-11T01:33:18","modified_gmt":"2022-05-11T01:33:18","slug":"taxistas-viedmenses-lograron-el-objetivo-se-actualiza-la-tarifa-en-un-30-y-se-levanta-el-paro","status":"publish","type":"post","link":"https:\/\/www.elpolitologoyelpolitico.com.ar\/wordpress\/2022\/05\/11\/taxistas-viedmenses-lograron-el-objetivo-se-actualiza-la-tarifa-en-un-30-y-se-levanta-el-paro\/","title":{"rendered":"TAXISTAS VIEDMENSES LOGRARON EL OBJETIVO: SE ACTUALIZA LA TARIFA EN UN 30% Y SE LEVANTA EL PARO\u00a0"},"content":{"rendered":"\n<p><\/p>\n\n\n\n<p>Luego de d\u00edas de tensi\u00f3n y ante el anuncio de un paro con movilizaci\u00f3n por parte del sector taxista, finalmente el Gobierno de Viedma concedi\u00f3 a los trabajadores y trabajadoras del volante el 30% de actualizaci\u00f3n tarifaria solicitado por la Asociaci\u00f3n de Taxistas Viedmsenes y otras partes que conforman el sector.\u00a0<\/p>\n\n\n\n<p>\u201cEstamos satisfechos por haber logrado el objetivo que trae tranquilidad para todos los colegas que demandaban esta soluci\u00f3n\u201d, expres\u00f3 Abelleira, Presidente de la Instituci\u00f3n.&nbsp;<\/p>\n\n\n\n<p>\u201cHa sido fundamental la colaboraci\u00f3n de quien maneja los hilos de la empresa 428mil, Jes\u00fas Jones y de sus due\u00f1os a quienes agradecemos por haber puesto todas las herramientas necesarias y predisposici\u00f3n para que podamos tomar las mejores decisiones. Junto a Jes\u00fas hemos estado trabajando codo a codo de manera conjunta sabiendo que ambas partes alineadas detr\u00e1s de un objetivo com\u00fan y en beneficio de todo el rubro, era la manera correcta de sacar esto adelante, hicimos lo que hab\u00eda que hacer\u201d, remarc\u00f3 Nicolas Abelleira.&nbsp;<\/p>\n\n\n\n<p>\u201cNo es de nuestra preferencia, ni la de la Asociaci\u00f3n de taxistas, el m\u00e9todo de la movilizaci\u00f3n y cortes de calles que perjudican al vecino y a la vecina de Viedma, pero en este caso vimos que era la salida ante la falta de respuesta, afortunadamente el conflicto se pudo destrabar y estamos todos muy contentos, manifest\u00f3 por su parte Jes\u00fas Jones, de la empresa 428mil.&nbsp;<\/p>\n\n\n\n<p>\u201cFue importante contar con el empuje y las ganas de solucionar este conflicto como las que mostr\u00f3 el Presidente de la Asociaci\u00f3n de taxistas Viedmenses, entre los dos nos hemos complementado de manera eficaz, buscando la mejor salida posible y lo hemos logrado\u201d, expres\u00f3 Jones.&nbsp;<\/p>\n\n\n\n<p>\u201cCelebramos que el ejecutivo haya comprendido la urgencia y la necesidad que tiene el sector y porsupuesto que estamos muy agradecidos\u201d, finaliz\u00f3 Abelleira.<\/p>\n<div class=\"fb-background-color\">\n\t\t\t  <div \n\t\t\t  \tclass = \"fb-comments\" \n\t\t\t  \tdata-href = \"https:\/\/www.elpolitologoyelpolitico.com.ar\/wordpress\/2022\/05\/11\/taxistas-viedmenses-lograron-el-objetivo-se-actualiza-la-tarifa-en-un-30-y-se-levanta-el-paro\/\"\n\t\t\t  \tdata-numposts = \"10\"\n\t\t\t  \tdata-lazy = \"true\"\n\t\t\t\tdata-colorscheme = \"light\"\n\t\t\t\tdata-order-by = \"social\"\n\t\t\t\tdata-mobile=true>\n\t\t\t  <\/div><\/div>\n\t\t  <style>\n\t\t    .fb-background-color {\n\t\t\t\tbackground: #ffffff !important;\n\t\t\t}\n\t\t\t.fb_iframe_widget_fluid_desktop iframe {\n\t\t\t    width: 100% !important;\n\t\t\t}\n\t\t  <\/style>\n\t\t  ","protected":false},"excerpt":{"rendered":"<p>Luego de d\u00edas de tensi\u00f3n y ante el anuncio de un paro con movilizaci\u00f3n por parte del sector taxista, finalmente el Gobierno de Viedma concedi\u00f3 a los trabajadores y trabajadoras del volante el 30% de actualizaci\u00f3n tarifaria solicitado por la Asociaci\u00f3n de Taxistas Viedmsenes y otras partes que conforman el sector.\u00a0 \u201cEstamos satisfechos por haber [&hellip;]<\/p>\n","protected":false},"author":4,"featured_media":20333,"comment_status":"closed","ping_status":"closed","sticky":false,"template":"","format":"standard","meta":{"_joinchat":[],"footnotes":""},"categories":[39],"tags":[],"class_list":["post-20332","post","type-post","status-publish","format-standard","has-post-thumbnail","hentry","category-en-esta-seccion"],"_links":{"self":[{"href":"https:\/\/www.elpolitologoyelpolitico.com.ar\/wordpress\/wp-json\/wp\/v2\/posts\/20332","targetHints":{"allow":["GET"]}}],"collection":[{"href":"https:\/\/www.elpolitologoyelpolitico.com.ar\/wordpress\/wp-json\/wp\/v2\/posts"}],"about":[{"href":"https:\/\/www.elpolitologoyelpolitico.com.ar\/wordpress\/wp-json\/wp\/v2\/types\/post"}],"author":[{"embeddable":true,"href":"https:\/\/www.elpolitologoyelpolitico.com.ar\/wordpress\/wp-json\/wp\/v2\/users\/4"}],"replies":[{"embeddable":true,"href":"https:\/\/www.elpolitologoyelpolitico.com.ar\/wordpress\/wp-json\/wp\/v2\/comments?post=20332"}],"version-history":[{"count":0,"href":"https:\/\/www.elpolitologoyelpolitico.com.ar\/wordpress\/wp-json\/wp\/v2\/posts\/20332\/revisions"}],"wp:featuredmedia":[{"embeddable":true,"href":"https:\/\/www.elpolitologoyelpolitico.com.ar\/wordpress\/wp-json\/wp\/v2\/media\/20333"}],"wp:attachment":[{"href":"https:\/\/www.elpolitologoyelpolitico.com.ar\/wordpress\/wp-json\/wp\/v2\/media?parent=20332"}],"wp:term":[{"taxonomy":"category","embeddable":true,"href":"https:\/\/www.elpolitologoyelpolitico.com.ar\/wordpress\/wp-json\/wp\/v2\/categories?post=20332"},{"taxonomy":"post_tag","embeddable":true,"href":"https:\/\/www.elpolitologoyelpolitico.com.ar\/wordpress\/wp-json\/wp\/v2\/tags?post=20332"}],"curies":[{"name":"wp","href":"https:\/\/api.w.org\/{rel}","templated":true}]}}