{"id":20326,"date":"2022-05-10T02:25:17","date_gmt":"2022-05-10T02:25:17","guid":{"rendered":"https:\/\/www.elpolitologoyelpolitico.com.ar\/wordpress\/?p=20326"},"modified":"2022-05-10T02:26:39","modified_gmt":"2022-05-10T02:26:39","slug":"concejales-se-reunieron-con-el-coordinador-del-girsu-por-el-cuidado-del-medio-ambiente","status":"publish","type":"post","link":"https:\/\/www.elpolitologoyelpolitico.com.ar\/wordpress\/2022\/05\/10\/concejales-se-reunieron-con-el-coordinador-del-girsu-por-el-cuidado-del-medio-ambiente\/","title":{"rendered":"Concejales se reunieron con el Coordinador del GIRSU por el cuidado del Medio Ambiente"},"content":{"rendered":"\n<p><\/p>\n\n\n\n<p>En la ma\u00f1ana de \u00e9ste lunes se reuni\u00f3 la comisi\u00f3n de Higiene, Seguridad P\u00fablica y Medio Ambiente, ampliada a todos los Concejales con el Ingeniero Guido Bergandi, coordinador del Proyecto Girsu.<\/p>\n\n\n\n<p>Luego de que en la 6\u00ba sesi\u00f3n Ordinaria se presentaran proyectos relacionados con el cuidado del medio ambiente, la presidente de la Comisi\u00f3n de&nbsp; Higiene, Seguridad P\u00fablica y Medio Ambiente, Romina Colombi, invit\u00f3 al Ingeniero Guido Bergandi, coordinador del Proyecto Girsu que junto con&nbsp; Georgina Tomas, t\u00e9cnica de la Unidad de Gesti\u00f3n, &nbsp; explicaron a los concejales el Proyecto Girsu, el tratamiento de la basura, la inversiones, los programas complementarios como el \u201c Girsu en la Escuela\u201d que comenz\u00f3 en 2021, donde se hace hincapi\u00e9 sobre el&nbsp; cuidado y preservaci\u00f3n del medio ambiente, que la actual gesti\u00f3n municipal lleva adelante con el convencimiento que desde la educaci\u00f3n se podr\u00e1 cambiar el paradigma de la gesti\u00f3n responsable de los residuos s\u00f3lidos urbanos en el sentido m\u00e1s amplio.<\/p>\n\n\n\n<p>Se realiz\u00f3 una exposici\u00f3n con fotos y el programa proyectado para la colocaci\u00f3n de los nuevos contenedores de reciclaje que se est\u00e1n instalando en Carmen de Patagones y en las localidades que integran el Partido de Patagones.<\/p>\n\n\n\n<p>Otro emprendimiento, es la colocaci\u00f3n de eco- ceniceros, en postes de madera pl\u00e1stica, en San Blas, Los Pocitos y Villa 7 de Marzo, con el aporte de la empresa Camuzzi.&nbsp; y se dio a conocer un acuerdo con una empresa que recibe los pl\u00e1sticos m\u00e1s dif\u00edciles y costosos de reciclar para transformarlos en productos \u00fatiles.<\/p>\n\n\n\n<p>En la reuni\u00f3n, el Ingeniero Bergandi, agradecido por la invitaci\u00f3n, se puso a disposici\u00f3n de los Concejales para todas aquellas actividades que deseen emprender para la difusi\u00f3n del Proyecto Girsu y los programas complementarios que est\u00e1n implementando para la concientizaci\u00f3n del cuidado del medio ambiente.<\/p>\n\n\n\n<p>El encuentro se realiz\u00f3 con la intenci\u00f3n de enriquecer proyectos presentados en las sesiones y que fueran enviados a Comisi\u00f3n.&nbsp;&nbsp;<\/p>\n\n\n\n<p>Estuvieron presentes Romina Colombi, Diego Stainnekker, Mariel Cinirella, Mayra Sardi, Noelia Sep\u00falveda, Mar\u00eda Dolores Patan\u00e8, Jorgelina Castronovo, Nicol\u00e1s Garc\u00eda, Marcelo Honcharuk, Fabiola Acosta Caballero y Santiago Dalmau.<\/p>\n<div class=\"fb-background-color\">\n\t\t\t  <div \n\t\t\t  \tclass = \"fb-comments\" \n\t\t\t  \tdata-href = \"https:\/\/www.elpolitologoyelpolitico.com.ar\/wordpress\/2022\/05\/10\/concejales-se-reunieron-con-el-coordinador-del-girsu-por-el-cuidado-del-medio-ambiente\/\"\n\t\t\t  \tdata-numposts = \"10\"\n\t\t\t  \tdata-lazy = \"true\"\n\t\t\t\tdata-colorscheme = \"light\"\n\t\t\t\tdata-order-by = \"social\"\n\t\t\t\tdata-mobile=true>\n\t\t\t  <\/div><\/div>\n\t\t  <style>\n\t\t    .fb-background-color {\n\t\t\t\tbackground: #ffffff !important;\n\t\t\t}\n\t\t\t.fb_iframe_widget_fluid_desktop iframe {\n\t\t\t    width: 100% !important;\n\t\t\t}\n\t\t  <\/style>\n\t\t  ","protected":false},"excerpt":{"rendered":"<p>En la ma\u00f1ana de \u00e9ste lunes se reuni\u00f3 la comisi\u00f3n de Higiene, Seguridad P\u00fablica y Medio Ambiente, ampliada a todos los Concejales con el Ingeniero Guido Bergandi, coordinador del Proyecto Girsu. Luego de que en la 6\u00ba sesi\u00f3n Ordinaria se presentaran proyectos relacionados con el cuidado del medio ambiente, la presidente de la Comisi\u00f3n de&nbsp; [&hellip;]<\/p>\n","protected":false},"author":4,"featured_media":20327,"comment_status":"closed","ping_status":"closed","sticky":false,"template":"","format":"standard","meta":{"_joinchat":[],"footnotes":""},"categories":[39],"tags":[],"class_list":["post-20326","post","type-post","status-publish","format-standard","has-post-thumbnail","hentry","category-en-esta-seccion"],"_links":{"self":[{"href":"https:\/\/www.elpolitologoyelpolitico.com.ar\/wordpress\/wp-json\/wp\/v2\/posts\/20326","targetHints":{"allow":["GET"]}}],"collection":[{"href":"https:\/\/www.elpolitologoyelpolitico.com.ar\/wordpress\/wp-json\/wp\/v2\/posts"}],"about":[{"href":"https:\/\/www.elpolitologoyelpolitico.com.ar\/wordpress\/wp-json\/wp\/v2\/types\/post"}],"author":[{"embeddable":true,"href":"https:\/\/www.elpolitologoyelpolitico.com.ar\/wordpress\/wp-json\/wp\/v2\/users\/4"}],"replies":[{"embeddable":true,"href":"https:\/\/www.elpolitologoyelpolitico.com.ar\/wordpress\/wp-json\/wp\/v2\/comments?post=20326"}],"version-history":[{"count":0,"href":"https:\/\/www.elpolitologoyelpolitico.com.ar\/wordpress\/wp-json\/wp\/v2\/posts\/20326\/revisions"}],"wp:featuredmedia":[{"embeddable":true,"href":"https:\/\/www.elpolitologoyelpolitico.com.ar\/wordpress\/wp-json\/wp\/v2\/media\/20327"}],"wp:attachment":[{"href":"https:\/\/www.elpolitologoyelpolitico.com.ar\/wordpress\/wp-json\/wp\/v2\/media?parent=20326"}],"wp:term":[{"taxonomy":"category","embeddable":true,"href":"https:\/\/www.elpolitologoyelpolitico.com.ar\/wordpress\/wp-json\/wp\/v2\/categories?post=20326"},{"taxonomy":"post_tag","embeddable":true,"href":"https:\/\/www.elpolitologoyelpolitico.com.ar\/wordpress\/wp-json\/wp\/v2\/tags?post=20326"}],"curies":[{"name":"wp","href":"https:\/\/api.w.org\/{rel}","templated":true}]}}