{"id":20312,"date":"2022-05-09T21:16:24","date_gmt":"2022-05-09T21:16:24","guid":{"rendered":"https:\/\/www.elpolitologoyelpolitico.com.ar\/wordpress\/?p=20312"},"modified":"2022-05-09T21:16:39","modified_gmt":"2022-05-09T21:16:39","slug":"viedma-delegados-de-ate-se-movilizan-manana-al-ministerio-de-economia","status":"publish","type":"post","link":"https:\/\/www.elpolitologoyelpolitico.com.ar\/wordpress\/2022\/05\/09\/viedma-delegados-de-ate-se-movilizan-manana-al-ministerio-de-economia\/","title":{"rendered":"VIEDMA: DELEGADOS DE ATE SE MOVILIZAN MA\u00d1ANA AL MINISTERIO DE ECONOM\u00cdA"},"content":{"rendered":"\t\t<div data-elementor-type=\"wp-post\" data-elementor-id=\"20312\" class=\"elementor elementor-20312\">\n\t\t\t\t\t\t<section class=\"elementor-section elementor-top-section elementor-element elementor-element-3f009b08 elementor-section-boxed elementor-section-height-default elementor-section-height-default\" data-id=\"3f009b08\" data-element_type=\"section\" data-e-type=\"section\">\n\t\t\t\t\t\t<div class=\"elementor-container elementor-column-gap-default\">\n\t\t\t\t\t<div class=\"elementor-column elementor-col-100 elementor-top-column elementor-element elementor-element-324a5b5b\" data-id=\"324a5b5b\" data-element_type=\"column\" data-e-type=\"column\">\n\t\t\t<div class=\"elementor-widget-wrap elementor-element-populated\">\n\t\t\t\t\t\t<div class=\"elementor-element elementor-element-704ef0fd elementor-widget elementor-widget-text-editor\" data-id=\"704ef0fd\" data-element_type=\"widget\" data-e-type=\"widget\" data-widget_type=\"text-editor.default\">\n\t\t\t\t<div class=\"elementor-widget-container\">\n\t\t\t\t\t\t\t\t\t\n<p>A la espera de la negociaci\u00f3n paritaria prevista para ma\u00f1ana a las 10 de la ma\u00f1ana, la Asociaci\u00f3n Trabajadores del Estado (ATE) decidi\u00f3 movilizar a sus delegados al Ministerio de Econom\u00eda en Viedma. El sindicato tampoco descarta montar un acampe en la cartera de hacienda. Las medidas se dan tras las multitudinarias jornadas de protesta que se vienen desarrollando en demanda de un salario por encima de la inflaci\u00f3n.<\/p>\n\n\n\n<p>La acciones incluyeron paros, asambleas, concentraciones y movilizaciones en varias regiones de la geograf\u00eda provincial. Durante las jornadas de protesta, el gremio tambi\u00e9n visibiliz\u00f3 el descontento por la falta de respuesta a las numerosas demandas presentadas en el \u00faltimo tiempo. Asimismo, dejo en claro que no aceptar\u00e1 una paritaria de ajuste. &nbsp;<\/p>\n\n\n\n<p>Cabe recordar que ATE hab\u00eda demandado adelantar las paritarias previstas para junio en funci\u00f3n de un proceso inflacionario que contin\u00faa en alza y erosiona los ingresos de todos los sectores. Fue en este contexto que se resolvi\u00f3 que la Funci\u00f3n P\u00fablica sea convocada en Viedma antes de lo previsto.<\/p>\n\t\t\t\t\t\t\t\t<\/div>\n\t\t\t\t<\/div>\n\t\t\t\t\t<\/div>\n\t\t<\/div>\n\t\t\t\t\t<\/div>\n\t\t<\/section>\n\t\t\t\t<\/div>\n\t\t<div class=\"fb-background-color\">\n\t\t\t  <div \n\t\t\t  \tclass = \"fb-comments\" \n\t\t\t  \tdata-href = \"https:\/\/www.elpolitologoyelpolitico.com.ar\/wordpress\/2022\/05\/09\/viedma-delegados-de-ate-se-movilizan-manana-al-ministerio-de-economia\/\"\n\t\t\t  \tdata-numposts = \"10\"\n\t\t\t  \tdata-lazy = \"true\"\n\t\t\t\tdata-colorscheme = \"light\"\n\t\t\t\tdata-order-by = \"social\"\n\t\t\t\tdata-mobile=true>\n\t\t\t  <\/div><\/div>\n\t\t  <style>\n\t\t    .fb-background-color {\n\t\t\t\tbackground: #ffffff !important;\n\t\t\t}\n\t\t\t.fb_iframe_widget_fluid_desktop iframe {\n\t\t\t    width: 100% !important;\n\t\t\t}\n\t\t  <\/style>\n\t\t  ","protected":false},"excerpt":{"rendered":"<p>A la espera de la negociaci\u00f3n paritaria prevista para ma\u00f1ana a las 10 de la ma\u00f1ana, la Asociaci\u00f3n Trabajadores del Estado (ATE) decidi\u00f3 movilizar a sus delegados al Ministerio de Econom\u00eda en Viedma. El sindicato tampoco descarta montar un acampe en la cartera de hacienda. Las medidas se dan tras las multitudinarias jornadas de protesta [&hellip;]<\/p>\n","protected":false},"author":4,"featured_media":20313,"comment_status":"closed","ping_status":"closed","sticky":false,"template":"","format":"standard","meta":{"_joinchat":[],"footnotes":""},"categories":[39],"tags":[],"class_list":["post-20312","post","type-post","status-publish","format-standard","has-post-thumbnail","hentry","category-en-esta-seccion"],"_links":{"self":[{"href":"https:\/\/www.elpolitologoyelpolitico.com.ar\/wordpress\/wp-json\/wp\/v2\/posts\/20312","targetHints":{"allow":["GET"]}}],"collection":[{"href":"https:\/\/www.elpolitologoyelpolitico.com.ar\/wordpress\/wp-json\/wp\/v2\/posts"}],"about":[{"href":"https:\/\/www.elpolitologoyelpolitico.com.ar\/wordpress\/wp-json\/wp\/v2\/types\/post"}],"author":[{"embeddable":true,"href":"https:\/\/www.elpolitologoyelpolitico.com.ar\/wordpress\/wp-json\/wp\/v2\/users\/4"}],"replies":[{"embeddable":true,"href":"https:\/\/www.elpolitologoyelpolitico.com.ar\/wordpress\/wp-json\/wp\/v2\/comments?post=20312"}],"version-history":[{"count":0,"href":"https:\/\/www.elpolitologoyelpolitico.com.ar\/wordpress\/wp-json\/wp\/v2\/posts\/20312\/revisions"}],"wp:featuredmedia":[{"embeddable":true,"href":"https:\/\/www.elpolitologoyelpolitico.com.ar\/wordpress\/wp-json\/wp\/v2\/media\/20313"}],"wp:attachment":[{"href":"https:\/\/www.elpolitologoyelpolitico.com.ar\/wordpress\/wp-json\/wp\/v2\/media?parent=20312"}],"wp:term":[{"taxonomy":"category","embeddable":true,"href":"https:\/\/www.elpolitologoyelpolitico.com.ar\/wordpress\/wp-json\/wp\/v2\/categories?post=20312"},{"taxonomy":"post_tag","embeddable":true,"href":"https:\/\/www.elpolitologoyelpolitico.com.ar\/wordpress\/wp-json\/wp\/v2\/tags?post=20312"}],"curies":[{"name":"wp","href":"https:\/\/api.w.org\/{rel}","templated":true}]}}