{"id":20306,"date":"2022-05-09T21:14:50","date_gmt":"2022-05-09T21:14:50","guid":{"rendered":"https:\/\/www.elpolitologoyelpolitico.com.ar\/wordpress\/?p=20306"},"modified":"2022-05-09T21:15:06","modified_gmt":"2022-05-09T21:15:06","slug":"idevi-candidatos-y-candidatas-a-presidir-el-consejo-recorrieron-las-obras-del-sistema-de-riego","status":"publish","type":"post","link":"https:\/\/www.elpolitologoyelpolitico.com.ar\/wordpress\/2022\/05\/09\/idevi-candidatos-y-candidatas-a-presidir-el-consejo-recorrieron-las-obras-del-sistema-de-riego\/","title":{"rendered":"IDEVI: CANDIDATOS Y CANDIDATAS A PRESIDIR EL CONSEJO RECORRIERON LAS OBRAS DEL SISTEMA DE RIEGO"},"content":{"rendered":"\t\t<div data-elementor-type=\"wp-post\" data-elementor-id=\"20306\" class=\"elementor elementor-20306\">\n\t\t\t\t\t\t<section class=\"elementor-section elementor-top-section elementor-element elementor-element-3b1adb16 elementor-section-boxed elementor-section-height-default elementor-section-height-default\" data-id=\"3b1adb16\" data-element_type=\"section\" data-e-type=\"section\">\n\t\t\t\t\t\t<div class=\"elementor-container elementor-column-gap-default\">\n\t\t\t\t\t<div class=\"elementor-column elementor-col-100 elementor-top-column elementor-element elementor-element-c75a057\" data-id=\"c75a057\" data-element_type=\"column\" data-e-type=\"column\">\n\t\t\t<div class=\"elementor-widget-wrap elementor-element-populated\">\n\t\t\t\t\t\t<div class=\"elementor-element elementor-element-7257a7e6 elementor-widget elementor-widget-text-editor\" data-id=\"7257a7e6\" data-element_type=\"widget\" data-e-type=\"widget\" data-widget_type=\"text-editor.default\">\n\t\t\t\t<div class=\"elementor-widget-container\">\n\t\t\t\t\t\t\t\t\t\n<p>En el marco de las pr\u00f3ximas elecciones a representantes de productores para el Consejo de Administraci\u00f3n de IDEVI, las y los postulantes visitaron los trabajos realizados en el Sistema de Riego y Drenaje que se concretaron en el \u00faltimo tiempo.<\/p>\n\n\n\n<p>A pocos d\u00edas de las elecciones, que se llevaran a cabo el pr\u00f3ximo 20 de mayo en el CEMAT, las y los candidatos junto a autoridades del instituto y el equipo t\u00e9cnico realizaron una recorrida por el lugar.<\/p>\n\n\n\n<p>Dentro del trayecto se visitaron las obras llevadas a cabo en el Secundario III y la Ruta Nacional 3, las obras de regulaci\u00f3n de aguas en el KM 30 y la d\u00e1rsena del KM 21 en la cual se puede observar el salto de agua y las obras de descarga de excedentes al r\u00edo.<\/p>\n\t\t\t\t\t\t\t\t<\/div>\n\t\t\t\t<\/div>\n\t\t\t\t\t<\/div>\n\t\t<\/div>\n\t\t\t\t\t<\/div>\n\t\t<\/section>\n\t\t\t\t<\/div>\n\t\t<div class=\"fb-background-color\">\n\t\t\t  <div \n\t\t\t  \tclass = \"fb-comments\" \n\t\t\t  \tdata-href = \"https:\/\/www.elpolitologoyelpolitico.com.ar\/wordpress\/2022\/05\/09\/idevi-candidatos-y-candidatas-a-presidir-el-consejo-recorrieron-las-obras-del-sistema-de-riego\/\"\n\t\t\t  \tdata-numposts = \"10\"\n\t\t\t  \tdata-lazy = \"true\"\n\t\t\t\tdata-colorscheme = \"light\"\n\t\t\t\tdata-order-by = \"social\"\n\t\t\t\tdata-mobile=true>\n\t\t\t  <\/div><\/div>\n\t\t  <style>\n\t\t    .fb-background-color {\n\t\t\t\tbackground: #ffffff !important;\n\t\t\t}\n\t\t\t.fb_iframe_widget_fluid_desktop iframe {\n\t\t\t    width: 100% !important;\n\t\t\t}\n\t\t  <\/style>\n\t\t  ","protected":false},"excerpt":{"rendered":"<p>En el marco de las pr\u00f3ximas elecciones a representantes de productores para el Consejo de Administraci\u00f3n de IDEVI, las y los postulantes visitaron los trabajos realizados en el Sistema de Riego y Drenaje que se concretaron en el \u00faltimo tiempo. A pocos d\u00edas de las elecciones, que se llevaran a cabo el pr\u00f3ximo 20 de [&hellip;]<\/p>\n","protected":false},"author":4,"featured_media":20307,"comment_status":"closed","ping_status":"closed","sticky":false,"template":"","format":"standard","meta":{"_joinchat":[],"footnotes":""},"categories":[39],"tags":[],"class_list":["post-20306","post","type-post","status-publish","format-standard","has-post-thumbnail","hentry","category-en-esta-seccion"],"_links":{"self":[{"href":"https:\/\/www.elpolitologoyelpolitico.com.ar\/wordpress\/wp-json\/wp\/v2\/posts\/20306","targetHints":{"allow":["GET"]}}],"collection":[{"href":"https:\/\/www.elpolitologoyelpolitico.com.ar\/wordpress\/wp-json\/wp\/v2\/posts"}],"about":[{"href":"https:\/\/www.elpolitologoyelpolitico.com.ar\/wordpress\/wp-json\/wp\/v2\/types\/post"}],"author":[{"embeddable":true,"href":"https:\/\/www.elpolitologoyelpolitico.com.ar\/wordpress\/wp-json\/wp\/v2\/users\/4"}],"replies":[{"embeddable":true,"href":"https:\/\/www.elpolitologoyelpolitico.com.ar\/wordpress\/wp-json\/wp\/v2\/comments?post=20306"}],"version-history":[{"count":0,"href":"https:\/\/www.elpolitologoyelpolitico.com.ar\/wordpress\/wp-json\/wp\/v2\/posts\/20306\/revisions"}],"wp:featuredmedia":[{"embeddable":true,"href":"https:\/\/www.elpolitologoyelpolitico.com.ar\/wordpress\/wp-json\/wp\/v2\/media\/20307"}],"wp:attachment":[{"href":"https:\/\/www.elpolitologoyelpolitico.com.ar\/wordpress\/wp-json\/wp\/v2\/media?parent=20306"}],"wp:term":[{"taxonomy":"category","embeddable":true,"href":"https:\/\/www.elpolitologoyelpolitico.com.ar\/wordpress\/wp-json\/wp\/v2\/categories?post=20306"},{"taxonomy":"post_tag","embeddable":true,"href":"https:\/\/www.elpolitologoyelpolitico.com.ar\/wordpress\/wp-json\/wp\/v2\/tags?post=20306"}],"curies":[{"name":"wp","href":"https:\/\/api.w.org\/{rel}","templated":true}]}}