{"id":20293,"date":"2022-05-09T21:06:54","date_gmt":"2022-05-09T21:06:54","guid":{"rendered":"https:\/\/www.elpolitologoyelpolitico.com.ar\/wordpress\/?p=20293"},"modified":"2022-05-09T21:07:12","modified_gmt":"2022-05-09T21:07:12","slug":"carreras-recibio-a-autoridades-del-indec-y-del-censo-2022","status":"publish","type":"post","link":"https:\/\/www.elpolitologoyelpolitico.com.ar\/wordpress\/2022\/05\/09\/carreras-recibio-a-autoridades-del-indec-y-del-censo-2022\/","title":{"rendered":"CARRERAS RECIBI\u00d3 A AUTORIDADES DEL INDEC Y DEL CENSO 2022"},"content":{"rendered":"\t\t<div data-elementor-type=\"wp-post\" data-elementor-id=\"20293\" class=\"elementor elementor-20293\">\n\t\t\t\t\t\t<section class=\"elementor-section elementor-top-section elementor-element elementor-element-7dc47f4b elementor-section-boxed elementor-section-height-default elementor-section-height-default\" data-id=\"7dc47f4b\" data-element_type=\"section\" data-e-type=\"section\">\n\t\t\t\t\t\t<div class=\"elementor-container elementor-column-gap-default\">\n\t\t\t\t\t<div class=\"elementor-column elementor-col-100 elementor-top-column elementor-element elementor-element-2d733c57\" data-id=\"2d733c57\" data-element_type=\"column\" data-e-type=\"column\">\n\t\t\t<div class=\"elementor-widget-wrap elementor-element-populated\">\n\t\t\t\t\t\t<div class=\"elementor-element elementor-element-36a613da elementor-widget elementor-widget-text-editor\" data-id=\"36a613da\" data-element_type=\"widget\" data-e-type=\"widget\" data-widget_type=\"text-editor.default\">\n\t\t\t\t<div class=\"elementor-widget-container\">\n\t\t\t\t\t\t\t\t\t\n<p>La Gobernadora, Arabela Carreras, recibi\u00f3 este lunes al Director del INDEC, Marco Lavagna y al Coordinador Nacional del Censo, Santiago Tettamanti, en el marco de la visita que realizaron a R\u00edo Negro por el Censo 2022.<\/p>\n\n\n\n<p>Justamente hoy las autoridades comenzaron con un operativo en las zonas rurales, que culminar\u00e1 el mismo d\u00eda del Censo, es decir el 18 de mayo.&nbsp;<\/p>\n\n\n\n<p>\u00abLa reuni\u00f3n gir\u00f3 en torno del censo, no s\u00f3lo del 18 de mayo, sino del operativo en zonas rurales que en la provincia empez\u00f3 hoy, viendo los detalles de la articulaci\u00f3n que tiene que haber entre Naci\u00f3n, Provincia y Municipios\u00bb.<\/p>\n\n\n\n<p>El mi\u00e9rcoles 18 de mayo, decretado feriado nacional, se realizar\u00e1 el operativo en las viviendas particulares en las \u00e1reas urbanas en todo el pa\u00eds, donde las personas censistas realizar\u00e1n las entrevistas presenciales o solicitar\u00e1n los comprobantes de finalizaci\u00f3n del Censo digital, cuando corresponda.<\/p>\n\n\n\n<p>\u00abR\u00edo Negro viene por arriba de la media nacional con un grado de respuesta muy bueno al censo digital, y en los \u00faltimos d\u00edas se aceler\u00f3 mucho la respuesta. Alrededor de un 22% de viviendas ya censadas, creemos que esto va a agilizar mucho el d\u00eda del Censo\u00bb, continu\u00f3 Lavagna.<\/p>\n\n\n\n<p>Por \u00faltimo aclar\u00f3 que en los casos que se haya completado el Censo digital, al menos una persona debe permanecer en la vivienda el 18 de mayo, y debe informar el c\u00f3digo de finalizaci\u00f3n del censo digital a la persona censista.<\/p>\n\n\n\n<p><strong>Censo en viviendas colectivas y en \u00e1reas rurales<\/strong><\/p>\n\n\n\n<p>Desde este lunes hasta el 17 de mayo&nbsp; se censar\u00e1n todas las viviendas colectivas del pa\u00eds y las zonas rurales.<\/p>\n\n\n\n<p>El operativo en viviendas colectivas ser\u00e1 presencial y relevar\u00e1 a todas las personas que viven bajo un r\u00e9gimen institucional como campamentos u obradores, colegios internado, cuarteles, hogares de personas mayores, geri\u00e1tricos, hogares de ni\u00f1as, ni\u00f1os y adolescentes, hogares religiosos, establecimientos de salud, hospitales, refugios o paradores, y prisiones.<\/p>\n\n\n\n<p>En las zonas rurales los puntos por relevar son viviendas, puestos, estancias y todos aquellos lugares donde habitualmente viven personas fuera de las zonas urbanas. Cada segmento ser\u00e1 recorrido por una persona censista que en los casos necesarios contar\u00e1 con el apoyo de fuerzas de seguridad.<\/p>\n\t\t\t\t\t\t\t\t<\/div>\n\t\t\t\t<\/div>\n\t\t\t\t\t<\/div>\n\t\t<\/div>\n\t\t\t\t\t<\/div>\n\t\t<\/section>\n\t\t\t\t<\/div>\n\t\t<div class=\"fb-background-color\">\n\t\t\t  <div \n\t\t\t  \tclass = \"fb-comments\" \n\t\t\t  \tdata-href = \"https:\/\/www.elpolitologoyelpolitico.com.ar\/wordpress\/2022\/05\/09\/carreras-recibio-a-autoridades-del-indec-y-del-censo-2022\/\"\n\t\t\t  \tdata-numposts = \"10\"\n\t\t\t  \tdata-lazy = \"true\"\n\t\t\t\tdata-colorscheme = \"light\"\n\t\t\t\tdata-order-by = \"social\"\n\t\t\t\tdata-mobile=true>\n\t\t\t  <\/div><\/div>\n\t\t  <style>\n\t\t    .fb-background-color {\n\t\t\t\tbackground: #ffffff !important;\n\t\t\t}\n\t\t\t.fb_iframe_widget_fluid_desktop iframe {\n\t\t\t    width: 100% !important;\n\t\t\t}\n\t\t  <\/style>\n\t\t  ","protected":false},"excerpt":{"rendered":"<p>La Gobernadora, Arabela Carreras, recibi\u00f3 este lunes al Director del INDEC, Marco Lavagna y al Coordinador Nacional del Censo, Santiago Tettamanti, en el marco de la visita que realizaron a R\u00edo Negro por el Censo 2022. Justamente hoy las autoridades comenzaron con un operativo en las zonas rurales, que culminar\u00e1 el mismo d\u00eda del Censo, [&hellip;]<\/p>\n","protected":false},"author":4,"featured_media":20294,"comment_status":"closed","ping_status":"closed","sticky":false,"template":"","format":"standard","meta":{"_joinchat":[],"footnotes":""},"categories":[39],"tags":[],"class_list":["post-20293","post","type-post","status-publish","format-standard","has-post-thumbnail","hentry","category-en-esta-seccion"],"_links":{"self":[{"href":"https:\/\/www.elpolitologoyelpolitico.com.ar\/wordpress\/wp-json\/wp\/v2\/posts\/20293","targetHints":{"allow":["GET"]}}],"collection":[{"href":"https:\/\/www.elpolitologoyelpolitico.com.ar\/wordpress\/wp-json\/wp\/v2\/posts"}],"about":[{"href":"https:\/\/www.elpolitologoyelpolitico.com.ar\/wordpress\/wp-json\/wp\/v2\/types\/post"}],"author":[{"embeddable":true,"href":"https:\/\/www.elpolitologoyelpolitico.com.ar\/wordpress\/wp-json\/wp\/v2\/users\/4"}],"replies":[{"embeddable":true,"href":"https:\/\/www.elpolitologoyelpolitico.com.ar\/wordpress\/wp-json\/wp\/v2\/comments?post=20293"}],"version-history":[{"count":0,"href":"https:\/\/www.elpolitologoyelpolitico.com.ar\/wordpress\/wp-json\/wp\/v2\/posts\/20293\/revisions"}],"wp:featuredmedia":[{"embeddable":true,"href":"https:\/\/www.elpolitologoyelpolitico.com.ar\/wordpress\/wp-json\/wp\/v2\/media\/20294"}],"wp:attachment":[{"href":"https:\/\/www.elpolitologoyelpolitico.com.ar\/wordpress\/wp-json\/wp\/v2\/media?parent=20293"}],"wp:term":[{"taxonomy":"category","embeddable":true,"href":"https:\/\/www.elpolitologoyelpolitico.com.ar\/wordpress\/wp-json\/wp\/v2\/categories?post=20293"},{"taxonomy":"post_tag","embeddable":true,"href":"https:\/\/www.elpolitologoyelpolitico.com.ar\/wordpress\/wp-json\/wp\/v2\/tags?post=20293"}],"curies":[{"name":"wp","href":"https:\/\/api.w.org\/{rel}","templated":true}]}}