{"id":20281,"date":"2022-05-09T20:34:35","date_gmt":"2022-05-09T20:34:35","guid":{"rendered":"https:\/\/www.elpolitologoyelpolitico.com.ar\/wordpress\/?p=20281"},"modified":"2022-05-09T20:35:03","modified_gmt":"2022-05-09T20:35:03","slug":"viedma-se-viene-el-1er-seminario-tecnologias-poeticas-y-entornos-digitales-para-la-escena-en-los-centros-culturales-municipales","status":"publish","type":"post","link":"https:\/\/www.elpolitologoyelpolitico.com.ar\/wordpress\/2022\/05\/09\/viedma-se-viene-el-1er-seminario-tecnologias-poeticas-y-entornos-digitales-para-la-escena-en-los-centros-culturales-municipales\/","title":{"rendered":"VIEDMA: SE VIENE EL 1ER SEMINARIO \u00abTECNOLOG\u00cdAS PO\u00c9TICAS Y ENTORNOS DIGITALES PARA LA ESCENA\u00bb EN LOS CENTROS CULTURALES MUNICIPALES"},"content":{"rendered":"\t\t<div data-elementor-type=\"wp-post\" data-elementor-id=\"20281\" class=\"elementor elementor-20281\">\n\t\t\t\t\t\t<section class=\"elementor-section elementor-top-section elementor-element elementor-element-227ac158 elementor-section-boxed elementor-section-height-default elementor-section-height-default\" data-id=\"227ac158\" data-element_type=\"section\" data-e-type=\"section\">\n\t\t\t\t\t\t<div class=\"elementor-container elementor-column-gap-default\">\n\t\t\t\t\t<div class=\"elementor-column elementor-col-100 elementor-top-column elementor-element elementor-element-6739a630\" data-id=\"6739a630\" data-element_type=\"column\" data-e-type=\"column\">\n\t\t\t<div class=\"elementor-widget-wrap elementor-element-populated\">\n\t\t\t\t\t\t<div class=\"elementor-element elementor-element-52eba037 elementor-widget elementor-widget-text-editor\" data-id=\"52eba037\" data-element_type=\"widget\" data-e-type=\"widget\" data-widget_type=\"text-editor.default\">\n\t\t\t\t<div class=\"elementor-widget-container\">\n\t\t\t\t\t\t\t\t\t\n<p>Del 13 al 15 de mayo, el gobierno de Viedma llevar\u00e1 adelante el Primer Seminario de \u201cTecnologias poeticas y entornos digitales\u201d dictado por el docente Martin Sanchez, en el Centro Cultural I (Gallardo 550) y en el Centro Cultural II (Mitre 849)<\/p>\n\n\n\n<p>El seminario se dictar\u00e1 por la ma\u00f1ana y por la tarde en el Centro Cultural I, los d\u00edas 12 y 13 de mayo y en el Centro Cultural II el 14 y 15 de mayo. El mismo est\u00e1 destinado a estudiantes de teatro, directores, actores, bailarines y t\u00e9cnicos con m\u00ednimo manejo de pc.<\/p>\n\n\n\n<p>Bajo el eje del artista y su v\u00ednculo con las nuevas tecnolog\u00edas se lanza este primer seminario, para que quienes quienes participen puedan incursionar e investigar diferentes herramientas y conceptos,<\/p>\n\n\n\n<p>Algunos conceptos que se destacan son: software mapeo de video, sistemas de proyecci\u00f3n, tipos de proyectores, m\u00e9tricas, conexiones, integraci\u00f3n de video c\u00e1maras, video wall, video mapping, iluminar con proyectores, automatizaci\u00f3n, interactividad y virtualidad en la escena entre otros elementos.<\/p>\n\n\n\n<p>De esta manera se podr\u00e1 experimentar sobre entornos digitales para la composici\u00f3n y creaci\u00f3n de po\u00e9ticas esc\u00e9nicas a partir de la intermediaci\u00f3n tecnol\u00f3gica audiovisual entre otros elementos.<\/p>\n\n\n\n<p>Los interesados pueden realizar cualquier consulta al docente a cargo del seminario,&nbsp; Mart\u00edn S\u00e1nchez, al tel\u00e9fono 2920556278.<\/p>\n\n\n\n<p>Este seminario es coordinado y llevado adelante a trav\u00e9s de la Subsecretar\u00eda de Cultura de la Municipalidad de Viedma, dependiente de la Secretar\u00eda de Turismo, Cultura y Deporte del gobierno de Viedma.<\/p>\n\t\t\t\t\t\t\t\t<\/div>\n\t\t\t\t<\/div>\n\t\t\t\t\t<\/div>\n\t\t<\/div>\n\t\t\t\t\t<\/div>\n\t\t<\/section>\n\t\t\t\t<\/div>\n\t\t<div class=\"fb-background-color\">\n\t\t\t  <div \n\t\t\t  \tclass = \"fb-comments\" \n\t\t\t  \tdata-href = \"https:\/\/www.elpolitologoyelpolitico.com.ar\/wordpress\/2022\/05\/09\/viedma-se-viene-el-1er-seminario-tecnologias-poeticas-y-entornos-digitales-para-la-escena-en-los-centros-culturales-municipales\/\"\n\t\t\t  \tdata-numposts = \"10\"\n\t\t\t  \tdata-lazy = \"true\"\n\t\t\t\tdata-colorscheme = \"light\"\n\t\t\t\tdata-order-by = \"social\"\n\t\t\t\tdata-mobile=true>\n\t\t\t  <\/div><\/div>\n\t\t  <style>\n\t\t    .fb-background-color {\n\t\t\t\tbackground: #ffffff !important;\n\t\t\t}\n\t\t\t.fb_iframe_widget_fluid_desktop iframe {\n\t\t\t    width: 100% !important;\n\t\t\t}\n\t\t  <\/style>\n\t\t  ","protected":false},"excerpt":{"rendered":"<p>Del 13 al 15 de mayo, el gobierno de Viedma llevar\u00e1 adelante el Primer Seminario de \u201cTecnologias poeticas y entornos digitales\u201d dictado por el docente Martin Sanchez, en el Centro Cultural I (Gallardo 550) y en el Centro Cultural II (Mitre 849) El seminario se dictar\u00e1 por la ma\u00f1ana y por la tarde en el [&hellip;]<\/p>\n","protected":false},"author":4,"featured_media":20282,"comment_status":"closed","ping_status":"closed","sticky":false,"template":"","format":"standard","meta":{"_joinchat":[],"footnotes":""},"categories":[39],"tags":[],"class_list":["post-20281","post","type-post","status-publish","format-standard","has-post-thumbnail","hentry","category-en-esta-seccion"],"_links":{"self":[{"href":"https:\/\/www.elpolitologoyelpolitico.com.ar\/wordpress\/wp-json\/wp\/v2\/posts\/20281","targetHints":{"allow":["GET"]}}],"collection":[{"href":"https:\/\/www.elpolitologoyelpolitico.com.ar\/wordpress\/wp-json\/wp\/v2\/posts"}],"about":[{"href":"https:\/\/www.elpolitologoyelpolitico.com.ar\/wordpress\/wp-json\/wp\/v2\/types\/post"}],"author":[{"embeddable":true,"href":"https:\/\/www.elpolitologoyelpolitico.com.ar\/wordpress\/wp-json\/wp\/v2\/users\/4"}],"replies":[{"embeddable":true,"href":"https:\/\/www.elpolitologoyelpolitico.com.ar\/wordpress\/wp-json\/wp\/v2\/comments?post=20281"}],"version-history":[{"count":0,"href":"https:\/\/www.elpolitologoyelpolitico.com.ar\/wordpress\/wp-json\/wp\/v2\/posts\/20281\/revisions"}],"wp:featuredmedia":[{"embeddable":true,"href":"https:\/\/www.elpolitologoyelpolitico.com.ar\/wordpress\/wp-json\/wp\/v2\/media\/20282"}],"wp:attachment":[{"href":"https:\/\/www.elpolitologoyelpolitico.com.ar\/wordpress\/wp-json\/wp\/v2\/media?parent=20281"}],"wp:term":[{"taxonomy":"category","embeddable":true,"href":"https:\/\/www.elpolitologoyelpolitico.com.ar\/wordpress\/wp-json\/wp\/v2\/categories?post=20281"},{"taxonomy":"post_tag","embeddable":true,"href":"https:\/\/www.elpolitologoyelpolitico.com.ar\/wordpress\/wp-json\/wp\/v2\/tags?post=20281"}],"curies":[{"name":"wp","href":"https:\/\/api.w.org\/{rel}","templated":true}]}}