{"id":20274,"date":"2022-05-09T11:30:16","date_gmt":"2022-05-09T11:30:16","guid":{"rendered":"https:\/\/www.elpolitologoyelpolitico.com.ar\/wordpress\/?p=20274"},"modified":"2022-05-09T11:30:17","modified_gmt":"2022-05-09T11:30:17","slug":"se-viene-la-3ra-mesa-del-proyecto-futuro-de-la-democracia","status":"publish","type":"post","link":"https:\/\/www.elpolitologoyelpolitico.com.ar\/wordpress\/2022\/05\/09\/se-viene-la-3ra-mesa-del-proyecto-futuro-de-la-democracia\/","title":{"rendered":"SE VIENE LA 3RA MESA DEL PROYECTO \u201cFUTURO DE LA DEMOCRACIA\u201d"},"content":{"rendered":"\n<p>El encuentro se realizar\u00e1 el martes 10 de mayo a las 17hs Argentina de manera virtual por la plataforma zoom.<br><\/p>\n\n\n\n<p>La Fundaci\u00f3n latinoamericana para una democracia participativa (FUDEPA) y su Pte. Mgter Jos\u00e9 Mar\u00eda Ram\u00f3n invita a todos los que quieran participar del encuentro.<br><\/p>\n\n\n\n<p>Panel: Futuro de la Democracia: Protestas Colectivas: \u00bfQu\u00e9 tanto se intensificar\u00e1n las protestas colectivas ante los gobiernos de Latinoam\u00e9rica?<br><\/p>\n\n\n\n<p>Para unirse pueden hacerlo a trav\u00e9s del siguiente link https:\/\/us02web.zoom.us\/j\/81331644669?pwd=S1JRKzhVT21CVmdsa3VrTHYrZFdpUT09<\/p>\n<div class=\"fb-background-color\">\n\t\t\t  <div \n\t\t\t  \tclass = \"fb-comments\" \n\t\t\t  \tdata-href = \"https:\/\/www.elpolitologoyelpolitico.com.ar\/wordpress\/2022\/05\/09\/se-viene-la-3ra-mesa-del-proyecto-futuro-de-la-democracia\/\"\n\t\t\t  \tdata-numposts = \"10\"\n\t\t\t  \tdata-lazy = \"true\"\n\t\t\t\tdata-colorscheme = \"light\"\n\t\t\t\tdata-order-by = \"social\"\n\t\t\t\tdata-mobile=true>\n\t\t\t  <\/div><\/div>\n\t\t  <style>\n\t\t    .fb-background-color {\n\t\t\t\tbackground: #ffffff !important;\n\t\t\t}\n\t\t\t.fb_iframe_widget_fluid_desktop iframe {\n\t\t\t    width: 100% !important;\n\t\t\t}\n\t\t  <\/style>\n\t\t  ","protected":false},"excerpt":{"rendered":"<p>El encuentro se realizar\u00e1 el martes 10 de mayo a las 17hs Argentina de manera virtual por la plataforma zoom. La Fundaci\u00f3n latinoamericana para una democracia participativa (FUDEPA) y su Pte. Mgter Jos\u00e9 Mar\u00eda Ram\u00f3n invita a todos los que quieran participar del encuentro. Panel: Futuro de la Democracia: Protestas Colectivas: \u00bfQu\u00e9 tanto se intensificar\u00e1n [&hellip;]<\/p>\n","protected":false},"author":4,"featured_media":20275,"comment_status":"closed","ping_status":"closed","sticky":false,"template":"","format":"standard","meta":{"_joinchat":[],"footnotes":""},"categories":[39],"tags":[],"class_list":["post-20274","post","type-post","status-publish","format-standard","has-post-thumbnail","hentry","category-en-esta-seccion"],"_links":{"self":[{"href":"https:\/\/www.elpolitologoyelpolitico.com.ar\/wordpress\/wp-json\/wp\/v2\/posts\/20274","targetHints":{"allow":["GET"]}}],"collection":[{"href":"https:\/\/www.elpolitologoyelpolitico.com.ar\/wordpress\/wp-json\/wp\/v2\/posts"}],"about":[{"href":"https:\/\/www.elpolitologoyelpolitico.com.ar\/wordpress\/wp-json\/wp\/v2\/types\/post"}],"author":[{"embeddable":true,"href":"https:\/\/www.elpolitologoyelpolitico.com.ar\/wordpress\/wp-json\/wp\/v2\/users\/4"}],"replies":[{"embeddable":true,"href":"https:\/\/www.elpolitologoyelpolitico.com.ar\/wordpress\/wp-json\/wp\/v2\/comments?post=20274"}],"version-history":[{"count":0,"href":"https:\/\/www.elpolitologoyelpolitico.com.ar\/wordpress\/wp-json\/wp\/v2\/posts\/20274\/revisions"}],"wp:featuredmedia":[{"embeddable":true,"href":"https:\/\/www.elpolitologoyelpolitico.com.ar\/wordpress\/wp-json\/wp\/v2\/media\/20275"}],"wp:attachment":[{"href":"https:\/\/www.elpolitologoyelpolitico.com.ar\/wordpress\/wp-json\/wp\/v2\/media?parent=20274"}],"wp:term":[{"taxonomy":"category","embeddable":true,"href":"https:\/\/www.elpolitologoyelpolitico.com.ar\/wordpress\/wp-json\/wp\/v2\/categories?post=20274"},{"taxonomy":"post_tag","embeddable":true,"href":"https:\/\/www.elpolitologoyelpolitico.com.ar\/wordpress\/wp-json\/wp\/v2\/tags?post=20274"}],"curies":[{"name":"wp","href":"https:\/\/api.w.org\/{rel}","templated":true}]}}