{"id":20271,"date":"2022-05-09T01:33:11","date_gmt":"2022-05-09T01:33:11","guid":{"rendered":"https:\/\/www.elpolitologoyelpolitico.com.ar\/wordpress\/?p=20271"},"modified":"2022-05-09T01:33:13","modified_gmt":"2022-05-09T01:33:13","slug":"elecciones-en-la-universidad-del-comahue-el-frente-universitario-se-fortalece-de-cara-a-los-comicios","status":"publish","type":"post","link":"https:\/\/www.elpolitologoyelpolitico.com.ar\/wordpress\/2022\/05\/09\/elecciones-en-la-universidad-del-comahue-el-frente-universitario-se-fortalece-de-cara-a-los-comicios\/","title":{"rendered":"ELECCIONES EN LA UNIVERSIDAD DEL COMAHUE: \u201cEl Frente Universitario se fortalece de cara a los comicios\u201d\u00a0"},"content":{"rendered":"\n<p><\/p>\n\n\n\n<p>Falta poco para las elecciones en la Universidad del Comahue y una de la lista que se presenta es el Frente Universitario Comahue encabezada por Omar Jurgeit (Candidato a Rector) y Mar\u00eda Laura Malaspina (Candidata a Vicerrectora).<\/p>\n\n\n\n<p>En estos meses estuvieron recorriendo distintas facultades presentando sus propuestas y porque los Docentes, No Docentes, Graduados y Estudiantes deben elegir la Lista N\u00b0 2 el 21, 23 y 24 de mayo.&nbsp;<\/p>\n\n\n\n<p>Hay que recordar que el Frente Universitario es una lista opositora a la actual gesti\u00f3n de Gustavo Crisafulli y como objetivo principal quieren recuperar la institucionalidad que deber\u00eda tener la Universidad.&nbsp;<\/p>\n\n\n\n<p>Durante este a\u00f1o 2022, la Universidad del Comahue cumpli\u00f3 50 a\u00f1os de vida y en caso de lograr la victoria quieren fortalecer y jerarquizar el Co-gobierno, con la participaci\u00f3n de todos las facultades y centro regionales de la UNCO.&nbsp;<\/p>\n\n\n\n<p>Otra propuesta del Frente Universitario es incentivar la Educaci\u00f3n a Distancia para fortalecer el acceso a la formaci\u00f3n universitaria.&nbsp;<\/p>\n\n\n\n<p>Observado la situaci\u00f3n de Infraestructura que hay en varios establecimientos, pretenden trabajar fuerte para que la Universidad del Comahue vuelva a lo que era antes, construyendo y reconstruyendo varias aulas, ba\u00f1os, comedores, entre otros espacios.&nbsp;<\/p>\n\n\n\n<p>Para escuchar todas las propuestas del Frente Universitario, pueden ingresar a la nota a Omar Jurgeit&nbsp;&nbsp;<\/p>\n<div class=\"fb-background-color\">\n\t\t\t  <div \n\t\t\t  \tclass = \"fb-comments\" \n\t\t\t  \tdata-href = \"https:\/\/www.elpolitologoyelpolitico.com.ar\/wordpress\/2022\/05\/09\/elecciones-en-la-universidad-del-comahue-el-frente-universitario-se-fortalece-de-cara-a-los-comicios\/\"\n\t\t\t  \tdata-numposts = \"10\"\n\t\t\t  \tdata-lazy = \"true\"\n\t\t\t\tdata-colorscheme = \"light\"\n\t\t\t\tdata-order-by = \"social\"\n\t\t\t\tdata-mobile=true>\n\t\t\t  <\/div><\/div>\n\t\t  <style>\n\t\t    .fb-background-color {\n\t\t\t\tbackground: #ffffff !important;\n\t\t\t}\n\t\t\t.fb_iframe_widget_fluid_desktop iframe {\n\t\t\t    width: 100% !important;\n\t\t\t}\n\t\t  <\/style>\n\t\t  ","protected":false},"excerpt":{"rendered":"<p>Falta poco para las elecciones en la Universidad del Comahue y una de la lista que se presenta es el Frente Universitario Comahue encabezada por Omar Jurgeit (Candidato a Rector) y Mar\u00eda Laura Malaspina (Candidata a Vicerrectora). En estos meses estuvieron recorriendo distintas facultades presentando sus propuestas y porque los Docentes, No Docentes, Graduados y [&hellip;]<\/p>\n","protected":false},"author":4,"featured_media":20272,"comment_status":"closed","ping_status":"closed","sticky":false,"template":"","format":"standard","meta":{"_joinchat":[],"footnotes":""},"categories":[38],"tags":[],"class_list":["post-20271","post","type-post","status-publish","format-standard","has-post-thumbnail","hentry","category-elecciones"],"_links":{"self":[{"href":"https:\/\/www.elpolitologoyelpolitico.com.ar\/wordpress\/wp-json\/wp\/v2\/posts\/20271","targetHints":{"allow":["GET"]}}],"collection":[{"href":"https:\/\/www.elpolitologoyelpolitico.com.ar\/wordpress\/wp-json\/wp\/v2\/posts"}],"about":[{"href":"https:\/\/www.elpolitologoyelpolitico.com.ar\/wordpress\/wp-json\/wp\/v2\/types\/post"}],"author":[{"embeddable":true,"href":"https:\/\/www.elpolitologoyelpolitico.com.ar\/wordpress\/wp-json\/wp\/v2\/users\/4"}],"replies":[{"embeddable":true,"href":"https:\/\/www.elpolitologoyelpolitico.com.ar\/wordpress\/wp-json\/wp\/v2\/comments?post=20271"}],"version-history":[{"count":0,"href":"https:\/\/www.elpolitologoyelpolitico.com.ar\/wordpress\/wp-json\/wp\/v2\/posts\/20271\/revisions"}],"wp:featuredmedia":[{"embeddable":true,"href":"https:\/\/www.elpolitologoyelpolitico.com.ar\/wordpress\/wp-json\/wp\/v2\/media\/20272"}],"wp:attachment":[{"href":"https:\/\/www.elpolitologoyelpolitico.com.ar\/wordpress\/wp-json\/wp\/v2\/media?parent=20271"}],"wp:term":[{"taxonomy":"category","embeddable":true,"href":"https:\/\/www.elpolitologoyelpolitico.com.ar\/wordpress\/wp-json\/wp\/v2\/categories?post=20271"},{"taxonomy":"post_tag","embeddable":true,"href":"https:\/\/www.elpolitologoyelpolitico.com.ar\/wordpress\/wp-json\/wp\/v2\/tags?post=20271"}],"curies":[{"name":"wp","href":"https:\/\/api.w.org\/{rel}","templated":true}]}}