{"id":20241,"date":"2022-05-06T21:07:46","date_gmt":"2022-05-06T21:07:46","guid":{"rendered":"https:\/\/www.elpolitologoyelpolitico.com.ar\/wordpress\/?p=20241"},"modified":"2022-05-06T21:07:48","modified_gmt":"2022-05-06T21:07:48","slug":"marcha-multitudinaria-en-viedma","status":"publish","type":"post","link":"https:\/\/www.elpolitologoyelpolitico.com.ar\/wordpress\/2022\/05\/06\/marcha-multitudinaria-en-viedma\/","title":{"rendered":"MARCHA MULTITUDINARIA EN VIEDMA"},"content":{"rendered":"\n<p>El personal docente, trabajadores de Salud y personal de Seguridad, entre otros se manifiestanpor la situaci\u00f3n actual que est\u00e1n viviendo los trabajadores rionegrinos.<\/p>\n\n\n\n<p>Exigen aumento salarial, mejores condiciones y derechos laborales. Adem\u00e1s, solicitan que devuelvan el dinero descontado a los docentes.<\/p>\n\n\n\n<p>Participan de la marcha varias secciones de UNTER quienes est\u00e1n molestos por los descuentos que hubo y realizar\u00e1n un paro total para el d\u00eda lunes 9 de mayo.<\/p>\n\n\n\n<p>Hay que recordar que el d\u00eda lunes va a estar llegando a La Comarca Sergio Massa en pleno conflicto y el clima se hace sentir.<\/p>\n\n\n\n<figure class=\"wp-block-gallery has-nested-images columns-default is-cropped wp-block-gallery-1 is-layout-flex wp-block-gallery-is-layout-flex\">\n<figure class=\"wp-block-image size-large\"><img fetchpriority=\"high\" decoding=\"async\" width=\"720\" height=\"480\" data-id=\"20244\" src=\"https:\/\/www.elpolitologoyelpolitico.com.ar\/wp-content\/uploads\/2022\/05\/WhatsApp-Image-2022-05-06-at-12.13.11-PM.jpeg\" alt=\"\" class=\"wp-image-20244\" srcset=\"https:\/\/www.elpolitologoyelpolitico.com.ar\/wp-content\/uploads\/2022\/05\/WhatsApp-Image-2022-05-06-at-12.13.11-PM.jpeg 720w, https:\/\/www.elpolitologoyelpolitico.com.ar\/wp-content\/uploads\/2022\/05\/WhatsApp-Image-2022-05-06-at-12.13.11-PM-300x200.jpeg 300w\" sizes=\"(max-width: 720px) 100vw, 720px\" \/><\/figure>\n\n\n\n<figure class=\"wp-block-image size-large\"><img decoding=\"async\" width=\"720\" height=\"405\" data-id=\"20243\" src=\"https:\/\/www.elpolitologoyelpolitico.com.ar\/wp-content\/uploads\/2022\/05\/WhatsApp-Image-2022-05-06-at-12.13.10-PM.jpeg\" alt=\"\" class=\"wp-image-20243\" srcset=\"https:\/\/www.elpolitologoyelpolitico.com.ar\/wp-content\/uploads\/2022\/05\/WhatsApp-Image-2022-05-06-at-12.13.10-PM.jpeg 720w, https:\/\/www.elpolitologoyelpolitico.com.ar\/wp-content\/uploads\/2022\/05\/WhatsApp-Image-2022-05-06-at-12.13.10-PM-300x169.jpeg 300w\" sizes=\"(max-width: 720px) 100vw, 720px\" \/><\/figure>\n<\/figure>\n<div class=\"fb-background-color\">\n\t\t\t  <div \n\t\t\t  \tclass = \"fb-comments\" \n\t\t\t  \tdata-href = \"https:\/\/www.elpolitologoyelpolitico.com.ar\/wordpress\/2022\/05\/06\/marcha-multitudinaria-en-viedma\/\"\n\t\t\t  \tdata-numposts = \"10\"\n\t\t\t  \tdata-lazy = \"true\"\n\t\t\t\tdata-colorscheme = \"light\"\n\t\t\t\tdata-order-by = \"social\"\n\t\t\t\tdata-mobile=true>\n\t\t\t  <\/div><\/div>\n\t\t  <style>\n\t\t    .fb-background-color {\n\t\t\t\tbackground: #ffffff !important;\n\t\t\t}\n\t\t\t.fb_iframe_widget_fluid_desktop iframe {\n\t\t\t    width: 100% !important;\n\t\t\t}\n\t\t  <\/style>\n\t\t  ","protected":false},"excerpt":{"rendered":"<p>El personal docente, trabajadores de Salud y personal de Seguridad, entre otros se manifiestanpor la situaci\u00f3n actual que est\u00e1n viviendo los trabajadores rionegrinos. Exigen aumento salarial, mejores condiciones y derechos laborales. Adem\u00e1s, solicitan que devuelvan el dinero descontado a los docentes. Participan de la marcha varias secciones de UNTER quienes est\u00e1n molestos por los descuentos [&hellip;]<\/p>\n","protected":false},"author":4,"featured_media":20242,"comment_status":"closed","ping_status":"closed","sticky":false,"template":"","format":"standard","meta":{"_joinchat":[],"footnotes":""},"categories":[39],"tags":[],"class_list":["post-20241","post","type-post","status-publish","format-standard","has-post-thumbnail","hentry","category-en-esta-seccion"],"_links":{"self":[{"href":"https:\/\/www.elpolitologoyelpolitico.com.ar\/wordpress\/wp-json\/wp\/v2\/posts\/20241","targetHints":{"allow":["GET"]}}],"collection":[{"href":"https:\/\/www.elpolitologoyelpolitico.com.ar\/wordpress\/wp-json\/wp\/v2\/posts"}],"about":[{"href":"https:\/\/www.elpolitologoyelpolitico.com.ar\/wordpress\/wp-json\/wp\/v2\/types\/post"}],"author":[{"embeddable":true,"href":"https:\/\/www.elpolitologoyelpolitico.com.ar\/wordpress\/wp-json\/wp\/v2\/users\/4"}],"replies":[{"embeddable":true,"href":"https:\/\/www.elpolitologoyelpolitico.com.ar\/wordpress\/wp-json\/wp\/v2\/comments?post=20241"}],"version-history":[{"count":0,"href":"https:\/\/www.elpolitologoyelpolitico.com.ar\/wordpress\/wp-json\/wp\/v2\/posts\/20241\/revisions"}],"wp:featuredmedia":[{"embeddable":true,"href":"https:\/\/www.elpolitologoyelpolitico.com.ar\/wordpress\/wp-json\/wp\/v2\/media\/20242"}],"wp:attachment":[{"href":"https:\/\/www.elpolitologoyelpolitico.com.ar\/wordpress\/wp-json\/wp\/v2\/media?parent=20241"}],"wp:term":[{"taxonomy":"category","embeddable":true,"href":"https:\/\/www.elpolitologoyelpolitico.com.ar\/wordpress\/wp-json\/wp\/v2\/categories?post=20241"},{"taxonomy":"post_tag","embeddable":true,"href":"https:\/\/www.elpolitologoyelpolitico.com.ar\/wordpress\/wp-json\/wp\/v2\/tags?post=20241"}],"curies":[{"name":"wp","href":"https:\/\/api.w.org\/{rel}","templated":true}]}}