{"id":20237,"date":"2022-05-06T21:05:55","date_gmt":"2022-05-06T21:05:55","guid":{"rendered":"https:\/\/www.elpolitologoyelpolitico.com.ar\/wordpress\/?p=20237"},"modified":"2022-05-06T21:05:56","modified_gmt":"2022-05-06T21:05:56","slug":"%f0%9d%97%9f%f0%9d%97%ae-%f0%9d%97%ba%f0%9d%97%b6%f0%9d%98%81%f0%9d%97%ae%f0%9d%97%b1-%f0%9d%97%b1%f0%9d%97%b2-%f0%9d%97%a6%f0%9d%97%98%f0%9d%97%a1%f0%9d%97%94%f0%9d%97%99-%f0%9d%97%bb%f0%9d%97%bc","status":"publish","type":"post","link":"https:\/\/www.elpolitologoyelpolitico.com.ar\/wordpress\/2022\/05\/06\/%f0%9d%97%9f%f0%9d%97%ae-%f0%9d%97%ba%f0%9d%97%b6%f0%9d%98%81%f0%9d%97%ae%f0%9d%97%b1-%f0%9d%97%b1%f0%9d%97%b2-%f0%9d%97%a6%f0%9d%97%98%f0%9d%97%a1%f0%9d%97%94%f0%9d%97%99-%f0%9d%97%bb%f0%9d%97%bc\/","title":{"rendered":"\ud835\udddf\ud835\uddee \ud835\uddfa\ud835\uddf6\ud835\ude01\ud835\uddee\ud835\uddf1 \ud835\uddf1\ud835\uddf2 \ud835\udde6\ud835\uddd8\ud835\udde1\ud835\uddd4\ud835\uddd9 \ud835\uddfb\ud835\uddfc \ud835\uddf0\ud835\uddfc\ud835\uddef\ud835\uddff\ud835\uddfc\u0301 \ud835\udde3\ud835\uddf9\ud835\ude02\ud835\ude00 \ud835\udde3\ud835\uddee\ud835\uddfb\ud835\uddf1\ud835\uddf2\ud835\uddfa\ud835\uddf6\ud835\uddee \ud835\ude06 \ud835\uddd4\ud835\udde7\ud835\uddd8 \ud835\uddf9\ud835\uddee\ud835\uddfb\ud835\ude07\ud835\uddee\ud835\uddfa\ud835\uddf2\ud835\uddf1\ud835\uddf6\ud835\uddf1\ud835\uddees \ud835\uddf1\ud835\uddf2 \ud835\uddf3\ud835\ude02\ud835\uddf2\ud835\uddff\ud835\ude07\ud835\uddee"},"content":{"rendered":"\n<p>La Asociaci\u00f3n Trabajadores del Estado (ATE) denunci\u00f3 que la mitad de los trabajadores de SENAF beneficiarios del Plus Pandemia en General Roca no cobraron este \u00edtem y por ello eval\u00faan en asamblea las medidas de fuerza que adoptar\u00e1n el lunes.<\/p>\n\n\n\n<p>El gremio analiz\u00f3 que el Gobierno intenta ajustar el salario estatal con medidas como el recorte en las guardias y horas extras hospitalarias a la espera de que pase desapercibido.<\/p>\n\n\n\n<p>\u00abUna vez m\u00e1s las autoridades de SENAF junto al Ejecutivo provincial muestran su total desprecio a los y las estatales\u00bb, se\u00f1al\u00f3 Federico Gabarra, secretario general de la seccional Alto Valle Este de ATE.<\/p>\n\n\n\n<p>\u00abA pocos d\u00edas de salir de un fuerte conflicto por la falta de pago del aumento acordado del Plus de Operador, incurren en un nuevo ajuste salarial al eliminar el Plus Pandemia a un gran grupo de trabajadores que este mes percibieron entre 10 y 15 mil pesos menos en sus salarios\u201d, denunci\u00f3.<\/p>\n\n\n\n<p>En total son 540 los trabajadores de SENAF que cobran el Plus Pandemia en la provincia por su dedicaci\u00f3n esencial.<\/p>\n\n\n\n<figure class=\"wp-block-image size-full\"><img fetchpriority=\"high\" decoding=\"async\" width=\"720\" height=\"405\" src=\"https:\/\/www.elpolitologoyelpolitico.com.ar\/wp-content\/uploads\/2022\/05\/WhatsApp-Image-2022-05-06-at-12.10.06-PM.jpeg\" alt=\"\" class=\"wp-image-20239\" srcset=\"https:\/\/www.elpolitologoyelpolitico.com.ar\/wp-content\/uploads\/2022\/05\/WhatsApp-Image-2022-05-06-at-12.10.06-PM.jpeg 720w, https:\/\/www.elpolitologoyelpolitico.com.ar\/wp-content\/uploads\/2022\/05\/WhatsApp-Image-2022-05-06-at-12.10.06-PM-300x169.jpeg 300w\" sizes=\"(max-width: 720px) 100vw, 720px\" \/><\/figure>\n<div class=\"fb-background-color\">\n\t\t\t  <div \n\t\t\t  \tclass = \"fb-comments\" \n\t\t\t  \tdata-href = \"https:\/\/www.elpolitologoyelpolitico.com.ar\/wordpress\/2022\/05\/06\/%f0%9d%97%9f%f0%9d%97%ae-%f0%9d%97%ba%f0%9d%97%b6%f0%9d%98%81%f0%9d%97%ae%f0%9d%97%b1-%f0%9d%97%b1%f0%9d%97%b2-%f0%9d%97%a6%f0%9d%97%98%f0%9d%97%a1%f0%9d%97%94%f0%9d%97%99-%f0%9d%97%bb%f0%9d%97%bc\/\"\n\t\t\t  \tdata-numposts = \"10\"\n\t\t\t  \tdata-lazy = \"true\"\n\t\t\t\tdata-colorscheme = \"light\"\n\t\t\t\tdata-order-by = \"social\"\n\t\t\t\tdata-mobile=true>\n\t\t\t  <\/div><\/div>\n\t\t  <style>\n\t\t    .fb-background-color {\n\t\t\t\tbackground: #ffffff !important;\n\t\t\t}\n\t\t\t.fb_iframe_widget_fluid_desktop iframe {\n\t\t\t    width: 100% !important;\n\t\t\t}\n\t\t  <\/style>\n\t\t  ","protected":false},"excerpt":{"rendered":"<p>La Asociaci\u00f3n Trabajadores del Estado (ATE) denunci\u00f3 que la mitad de los trabajadores de SENAF beneficiarios del Plus Pandemia en General Roca no cobraron este \u00edtem y por ello eval\u00faan en asamblea las medidas de fuerza que adoptar\u00e1n el lunes. El gremio analiz\u00f3 que el Gobierno intenta ajustar el salario estatal con medidas como el [&hellip;]<\/p>\n","protected":false},"author":4,"featured_media":20238,"comment_status":"closed","ping_status":"closed","sticky":false,"template":"","format":"standard","meta":{"_joinchat":[],"footnotes":""},"categories":[39],"tags":[],"class_list":["post-20237","post","type-post","status-publish","format-standard","has-post-thumbnail","hentry","category-en-esta-seccion"],"_links":{"self":[{"href":"https:\/\/www.elpolitologoyelpolitico.com.ar\/wordpress\/wp-json\/wp\/v2\/posts\/20237","targetHints":{"allow":["GET"]}}],"collection":[{"href":"https:\/\/www.elpolitologoyelpolitico.com.ar\/wordpress\/wp-json\/wp\/v2\/posts"}],"about":[{"href":"https:\/\/www.elpolitologoyelpolitico.com.ar\/wordpress\/wp-json\/wp\/v2\/types\/post"}],"author":[{"embeddable":true,"href":"https:\/\/www.elpolitologoyelpolitico.com.ar\/wordpress\/wp-json\/wp\/v2\/users\/4"}],"replies":[{"embeddable":true,"href":"https:\/\/www.elpolitologoyelpolitico.com.ar\/wordpress\/wp-json\/wp\/v2\/comments?post=20237"}],"version-history":[{"count":0,"href":"https:\/\/www.elpolitologoyelpolitico.com.ar\/wordpress\/wp-json\/wp\/v2\/posts\/20237\/revisions"}],"wp:featuredmedia":[{"embeddable":true,"href":"https:\/\/www.elpolitologoyelpolitico.com.ar\/wordpress\/wp-json\/wp\/v2\/media\/20238"}],"wp:attachment":[{"href":"https:\/\/www.elpolitologoyelpolitico.com.ar\/wordpress\/wp-json\/wp\/v2\/media?parent=20237"}],"wp:term":[{"taxonomy":"category","embeddable":true,"href":"https:\/\/www.elpolitologoyelpolitico.com.ar\/wordpress\/wp-json\/wp\/v2\/categories?post=20237"},{"taxonomy":"post_tag","embeddable":true,"href":"https:\/\/www.elpolitologoyelpolitico.com.ar\/wordpress\/wp-json\/wp\/v2\/tags?post=20237"}],"curies":[{"name":"wp","href":"https:\/\/api.w.org\/{rel}","templated":true}]}}