{"id":20223,"date":"2022-05-07T12:48:59","date_gmt":"2022-05-07T12:48:59","guid":{"rendered":"https:\/\/www.elpolitologoyelpolitico.com.ar\/wordpress\/?p=20223"},"modified":"2022-05-07T12:49:00","modified_gmt":"2022-05-07T12:49:00","slug":"el-intendente-zara-entrego-indumentaria-a-la-asociacion-de-bochas-y-al-club-comandante-luis-piedra-buena","status":"publish","type":"post","link":"https:\/\/www.elpolitologoyelpolitico.com.ar\/wordpress\/2022\/05\/07\/el-intendente-zara-entrego-indumentaria-a-la-asociacion-de-bochas-y-al-club-comandante-luis-piedra-buena\/","title":{"rendered":"El Intendente Zara entreg\u00f3 indumentaria a la Asociaci\u00f3n de Bochas y al Club Comandante Luis Piedra Buena"},"content":{"rendered":"\n<p><\/p>\n\n\n\n<p>El Intendente Municipal, Ing. Jos\u00e9 Luis Zara, junto al Presidente del Concejo Deliberante, Julio Costantino, y al concejal de Juntos, Ricardo Angos, en representaci\u00f3n del HCD, recibi\u00f3 en su despacho a representantes de la Asociaci\u00f3n de Bochas y del Club Comandante Luis Piedra Buena.&nbsp;<\/p>\n\n\n\n<p>En un ameno encuentro, dialogaron sobre el trabajo que cada entidad realiza, las competencias en agenda y las actividades previstas para el resto del a\u00f1o.&nbsp;<\/p>\n\n\n\n<p>Para finalizar, el jefe comunal hizo entrega de indumentaria para cada instituci\u00f3n, cuya compra fue canalizada a trav\u00e9s del Consejo Municipal del Deporte.<\/p>\n<div class=\"fb-background-color\">\n\t\t\t  <div \n\t\t\t  \tclass = \"fb-comments\" \n\t\t\t  \tdata-href = \"https:\/\/www.elpolitologoyelpolitico.com.ar\/wordpress\/2022\/05\/07\/el-intendente-zara-entrego-indumentaria-a-la-asociacion-de-bochas-y-al-club-comandante-luis-piedra-buena\/\"\n\t\t\t  \tdata-numposts = \"10\"\n\t\t\t  \tdata-lazy = \"true\"\n\t\t\t\tdata-colorscheme = \"light\"\n\t\t\t\tdata-order-by = \"social\"\n\t\t\t\tdata-mobile=true>\n\t\t\t  <\/div><\/div>\n\t\t  <style>\n\t\t    .fb-background-color {\n\t\t\t\tbackground: #ffffff !important;\n\t\t\t}\n\t\t\t.fb_iframe_widget_fluid_desktop iframe {\n\t\t\t    width: 100% !important;\n\t\t\t}\n\t\t  <\/style>\n\t\t  ","protected":false},"excerpt":{"rendered":"<p>El Intendente Municipal, Ing. Jos\u00e9 Luis Zara, junto al Presidente del Concejo Deliberante, Julio Costantino, y al concejal de Juntos, Ricardo Angos, en representaci\u00f3n del HCD, recibi\u00f3 en su despacho a representantes de la Asociaci\u00f3n de Bochas y del Club Comandante Luis Piedra Buena.&nbsp; En un ameno encuentro, dialogaron sobre el trabajo que cada entidad [&hellip;]<\/p>\n","protected":false},"author":4,"featured_media":20256,"comment_status":"closed","ping_status":"closed","sticky":false,"template":"","format":"standard","meta":{"_joinchat":[],"footnotes":""},"categories":[39],"tags":[],"class_list":["post-20223","post","type-post","status-publish","format-standard","has-post-thumbnail","hentry","category-en-esta-seccion"],"_links":{"self":[{"href":"https:\/\/www.elpolitologoyelpolitico.com.ar\/wordpress\/wp-json\/wp\/v2\/posts\/20223","targetHints":{"allow":["GET"]}}],"collection":[{"href":"https:\/\/www.elpolitologoyelpolitico.com.ar\/wordpress\/wp-json\/wp\/v2\/posts"}],"about":[{"href":"https:\/\/www.elpolitologoyelpolitico.com.ar\/wordpress\/wp-json\/wp\/v2\/types\/post"}],"author":[{"embeddable":true,"href":"https:\/\/www.elpolitologoyelpolitico.com.ar\/wordpress\/wp-json\/wp\/v2\/users\/4"}],"replies":[{"embeddable":true,"href":"https:\/\/www.elpolitologoyelpolitico.com.ar\/wordpress\/wp-json\/wp\/v2\/comments?post=20223"}],"version-history":[{"count":0,"href":"https:\/\/www.elpolitologoyelpolitico.com.ar\/wordpress\/wp-json\/wp\/v2\/posts\/20223\/revisions"}],"wp:featuredmedia":[{"embeddable":true,"href":"https:\/\/www.elpolitologoyelpolitico.com.ar\/wordpress\/wp-json\/wp\/v2\/media\/20256"}],"wp:attachment":[{"href":"https:\/\/www.elpolitologoyelpolitico.com.ar\/wordpress\/wp-json\/wp\/v2\/media?parent=20223"}],"wp:term":[{"taxonomy":"category","embeddable":true,"href":"https:\/\/www.elpolitologoyelpolitico.com.ar\/wordpress\/wp-json\/wp\/v2\/categories?post=20223"},{"taxonomy":"post_tag","embeddable":true,"href":"https:\/\/www.elpolitologoyelpolitico.com.ar\/wordpress\/wp-json\/wp\/v2\/tags?post=20223"}],"curies":[{"name":"wp","href":"https:\/\/api.w.org\/{rel}","templated":true}]}}