{"id":20213,"date":"2022-05-06T19:17:56","date_gmt":"2022-05-06T19:17:56","guid":{"rendered":"https:\/\/www.elpolitologoyelpolitico.com.ar\/wordpress\/?p=20213"},"modified":"2022-05-06T19:17:58","modified_gmt":"2022-05-06T19:17:58","slug":"el-gobierno-definio-el-item-salarial-para-todos-los-escalafones-de-policia-y-servicio-penitenciario","status":"publish","type":"post","link":"https:\/\/www.elpolitologoyelpolitico.com.ar\/wordpress\/2022\/05\/06\/el-gobierno-definio-el-item-salarial-para-todos-los-escalafones-de-policia-y-servicio-penitenciario\/","title":{"rendered":"El Gobierno defini\u00f3 el \u00edtem salarial para todos los escalafones de Polic\u00eda y Servicio Penitenciario"},"content":{"rendered":"\n<p><\/p>\n\n\n\n<p>El Gobierno de R\u00edo Negro defini\u00f3 el monto para el \u00edtem salarial destinado a todos los escalafones y agrupamientos de la Polic\u00eda de R\u00edo Negro y del Servicio Penitenciario provincial (SPP).<\/p>\n\n\n\n<p>Esta recomposici\u00f3n del salario de todo el personal de las fuerzas de seguridad (Polic\u00eda y SPP) tendr\u00e1 un car\u00e1cter permanente, remunerativo y bonificable.<\/p>\n\n\n\n<p>En este sentido, se confirm\u00f3 que con la liquidaci\u00f3n de los sueldos de mayo (a pagar en junio) un agente ingresante del escalaf\u00f3n seguridad sin vivienda pasar\u00e1 a percibir un piso m\u00ednimo de $85.000, mientras que un agente ingresante t\u00e9cnico administrativo sin vivienda cobrar\u00e1 un piso m\u00ednimo de $65.000. Por su parte, los agentes ingresantes al Servicio Penitenciario tambi\u00e9n pasar\u00e1n a cobrar un piso m\u00ednimo de $85.000.<\/p>\n\n\n\n<p>Por otra parte, se estableci\u00f3 que los futuros aumentos que se definan para los trabajadores y trabajadoras de la Administraci\u00f3n P\u00fablica se trasladar\u00e1n directamente a los salarios policiales y penitenciarios, como ocurre habitualmente.<\/p>\n<div class=\"fb-background-color\">\n\t\t\t  <div \n\t\t\t  \tclass = \"fb-comments\" \n\t\t\t  \tdata-href = \"https:\/\/www.elpolitologoyelpolitico.com.ar\/wordpress\/2022\/05\/06\/el-gobierno-definio-el-item-salarial-para-todos-los-escalafones-de-policia-y-servicio-penitenciario\/\"\n\t\t\t  \tdata-numposts = \"10\"\n\t\t\t  \tdata-lazy = \"true\"\n\t\t\t\tdata-colorscheme = \"light\"\n\t\t\t\tdata-order-by = \"social\"\n\t\t\t\tdata-mobile=true>\n\t\t\t  <\/div><\/div>\n\t\t  <style>\n\t\t    .fb-background-color {\n\t\t\t\tbackground: #ffffff !important;\n\t\t\t}\n\t\t\t.fb_iframe_widget_fluid_desktop iframe {\n\t\t\t    width: 100% !important;\n\t\t\t}\n\t\t  <\/style>\n\t\t  ","protected":false},"excerpt":{"rendered":"<p>El Gobierno de R\u00edo Negro defini\u00f3 el monto para el \u00edtem salarial destinado a todos los escalafones y agrupamientos de la Polic\u00eda de R\u00edo Negro y del Servicio Penitenciario provincial (SPP). Esta recomposici\u00f3n del salario de todo el personal de las fuerzas de seguridad (Polic\u00eda y SPP) tendr\u00e1 un car\u00e1cter permanente, remunerativo y bonificable. En [&hellip;]<\/p>\n","protected":false},"author":4,"featured_media":20214,"comment_status":"closed","ping_status":"closed","sticky":false,"template":"","format":"standard","meta":{"_joinchat":[],"footnotes":""},"categories":[39],"tags":[],"class_list":["post-20213","post","type-post","status-publish","format-standard","has-post-thumbnail","hentry","category-en-esta-seccion"],"_links":{"self":[{"href":"https:\/\/www.elpolitologoyelpolitico.com.ar\/wordpress\/wp-json\/wp\/v2\/posts\/20213","targetHints":{"allow":["GET"]}}],"collection":[{"href":"https:\/\/www.elpolitologoyelpolitico.com.ar\/wordpress\/wp-json\/wp\/v2\/posts"}],"about":[{"href":"https:\/\/www.elpolitologoyelpolitico.com.ar\/wordpress\/wp-json\/wp\/v2\/types\/post"}],"author":[{"embeddable":true,"href":"https:\/\/www.elpolitologoyelpolitico.com.ar\/wordpress\/wp-json\/wp\/v2\/users\/4"}],"replies":[{"embeddable":true,"href":"https:\/\/www.elpolitologoyelpolitico.com.ar\/wordpress\/wp-json\/wp\/v2\/comments?post=20213"}],"version-history":[{"count":0,"href":"https:\/\/www.elpolitologoyelpolitico.com.ar\/wordpress\/wp-json\/wp\/v2\/posts\/20213\/revisions"}],"wp:featuredmedia":[{"embeddable":true,"href":"https:\/\/www.elpolitologoyelpolitico.com.ar\/wordpress\/wp-json\/wp\/v2\/media\/20214"}],"wp:attachment":[{"href":"https:\/\/www.elpolitologoyelpolitico.com.ar\/wordpress\/wp-json\/wp\/v2\/media?parent=20213"}],"wp:term":[{"taxonomy":"category","embeddable":true,"href":"https:\/\/www.elpolitologoyelpolitico.com.ar\/wordpress\/wp-json\/wp\/v2\/categories?post=20213"},{"taxonomy":"post_tag","embeddable":true,"href":"https:\/\/www.elpolitologoyelpolitico.com.ar\/wordpress\/wp-json\/wp\/v2\/tags?post=20213"}],"curies":[{"name":"wp","href":"https:\/\/api.w.org\/{rel}","templated":true}]}}