{"id":20210,"date":"2022-05-06T17:17:38","date_gmt":"2022-05-06T17:17:38","guid":{"rendered":"https:\/\/www.elpolitologoyelpolitico.com.ar\/wordpress\/?p=20210"},"modified":"2022-05-06T17:17:40","modified_gmt":"2022-05-06T17:17:40","slug":"acuerdo-con-educacion-con-el-objetivo-de-fortalecer-la-escuela-para-ciegos-y-disminuidos-visualesp","status":"publish","type":"post","link":"https:\/\/www.elpolitologoyelpolitico.com.ar\/wordpress\/2022\/05\/06\/acuerdo-con-educacion-con-el-objetivo-de-fortalecer-la-escuela-para-ciegos-y-disminuidos-visualesp\/","title":{"rendered":"Acuerdo con Educaci\u00f3n con el objetivo de fortalecer la Escuela para Ciegos y Disminuidos Visualesp"},"content":{"rendered":"\n<p><\/p>\n\n\n\n<p>El Gobierno de Viedma firm\u00f3 un acuerdo con el Ministerio de Educaci\u00f3n de R\u00edo Negro para el fortalecimiento de la Escuela para Ciegos y Disminuidos Visuales, con el objetivo de fomentar y acompa\u00f1ar a un grupo de personas ciegas y disminuidas visulamente en el fomento de actividades deportivas, en particular, del tenis.<\/p>\n\n\n\n<p>El acuerdo permite a la Escuela de Tenis de Ciegos y Disminuidos Visuales realizar est\u00edmulos semanales en distintos gimnasios de la localidad.<\/p>\n\n\n\n<p>De la firma participaron el intendnete Pedro Pesatti y la ministra de Educaci\u00f3n de R\u00edo Negro Mercedes Jara Tracchia.<\/p>\n\n\n\n<p>Acompa\u00f1aron el director del Instituto de Educaci\u00f3n F\u00edsica Rub\u00e9n Quiroga, el secretario de Turismo, Cultura y Deportes de la Municipalidad Juan Pablo Gorosito, y la presidenta del Concejo Deliberante de Viedma Maricel C\u00e9voli.<\/p>\n\n\n\n<p>El convenio establece que el gobierno de Viedma aportar\u00e1 los elementos deportivos necesarios, entre ellos redes y pelotas para la pr\u00e1ctica del deporte, y el espacio f\u00edsico para llevar adelante la actividad; mientras que el ministerio afrontar\u00e1 la contrataci\u00f3n de los profesores que ser\u00e1n los responsables de llevar adelante la pr\u00e1ctica del deporte.<\/p>\n\n\n\n<p>Al respecto, el intendente agradeci\u00f3 el aporte de la cartera educativa, en la persona de la ministra Jara Tracchia.<\/p>\n\n\n\n<p>\u00abEstamos garantizando derechos a quienes los est\u00e1n necesitando, y nuestro compromiso es el de acompa\u00f1ar a las instituciones y organismos que promueven el deporte y la educaci\u00f3n, con integraci\u00f3n\u00bb, dijo Pesatti.<\/p>\n<div class=\"fb-background-color\">\n\t\t\t  <div \n\t\t\t  \tclass = \"fb-comments\" \n\t\t\t  \tdata-href = \"https:\/\/www.elpolitologoyelpolitico.com.ar\/wordpress\/2022\/05\/06\/acuerdo-con-educacion-con-el-objetivo-de-fortalecer-la-escuela-para-ciegos-y-disminuidos-visualesp\/\"\n\t\t\t  \tdata-numposts = \"10\"\n\t\t\t  \tdata-lazy = \"true\"\n\t\t\t\tdata-colorscheme = \"light\"\n\t\t\t\tdata-order-by = \"social\"\n\t\t\t\tdata-mobile=true>\n\t\t\t  <\/div><\/div>\n\t\t  <style>\n\t\t    .fb-background-color {\n\t\t\t\tbackground: #ffffff !important;\n\t\t\t}\n\t\t\t.fb_iframe_widget_fluid_desktop iframe {\n\t\t\t    width: 100% !important;\n\t\t\t}\n\t\t  <\/style>\n\t\t  ","protected":false},"excerpt":{"rendered":"<p>El Gobierno de Viedma firm\u00f3 un acuerdo con el Ministerio de Educaci\u00f3n de R\u00edo Negro para el fortalecimiento de la Escuela para Ciegos y Disminuidos Visuales, con el objetivo de fomentar y acompa\u00f1ar a un grupo de personas ciegas y disminuidas visulamente en el fomento de actividades deportivas, en particular, del tenis. El acuerdo permite [&hellip;]<\/p>\n","protected":false},"author":4,"featured_media":20211,"comment_status":"closed","ping_status":"closed","sticky":false,"template":"","format":"standard","meta":{"_joinchat":[],"footnotes":""},"categories":[39],"tags":[],"class_list":["post-20210","post","type-post","status-publish","format-standard","has-post-thumbnail","hentry","category-en-esta-seccion"],"_links":{"self":[{"href":"https:\/\/www.elpolitologoyelpolitico.com.ar\/wordpress\/wp-json\/wp\/v2\/posts\/20210","targetHints":{"allow":["GET"]}}],"collection":[{"href":"https:\/\/www.elpolitologoyelpolitico.com.ar\/wordpress\/wp-json\/wp\/v2\/posts"}],"about":[{"href":"https:\/\/www.elpolitologoyelpolitico.com.ar\/wordpress\/wp-json\/wp\/v2\/types\/post"}],"author":[{"embeddable":true,"href":"https:\/\/www.elpolitologoyelpolitico.com.ar\/wordpress\/wp-json\/wp\/v2\/users\/4"}],"replies":[{"embeddable":true,"href":"https:\/\/www.elpolitologoyelpolitico.com.ar\/wordpress\/wp-json\/wp\/v2\/comments?post=20210"}],"version-history":[{"count":0,"href":"https:\/\/www.elpolitologoyelpolitico.com.ar\/wordpress\/wp-json\/wp\/v2\/posts\/20210\/revisions"}],"wp:featuredmedia":[{"embeddable":true,"href":"https:\/\/www.elpolitologoyelpolitico.com.ar\/wordpress\/wp-json\/wp\/v2\/media\/20211"}],"wp:attachment":[{"href":"https:\/\/www.elpolitologoyelpolitico.com.ar\/wordpress\/wp-json\/wp\/v2\/media?parent=20210"}],"wp:term":[{"taxonomy":"category","embeddable":true,"href":"https:\/\/www.elpolitologoyelpolitico.com.ar\/wordpress\/wp-json\/wp\/v2\/categories?post=20210"},{"taxonomy":"post_tag","embeddable":true,"href":"https:\/\/www.elpolitologoyelpolitico.com.ar\/wordpress\/wp-json\/wp\/v2\/tags?post=20210"}],"curies":[{"name":"wp","href":"https:\/\/api.w.org\/{rel}","templated":true}]}}