{"id":20207,"date":"2022-05-06T14:42:59","date_gmt":"2022-05-06T14:42:59","guid":{"rendered":"https:\/\/www.elpolitologoyelpolitico.com.ar\/wordpress\/?p=20207"},"modified":"2022-05-06T14:43:01","modified_gmt":"2022-05-06T14:43:01","slug":"%f0%9d%97%a6%f0%9d%97%ae%f0%9d%97%b9%f0%9d%97%ae%f0%9d%97%bf%f0%9d%97%b6%f0%9d%97%bc%f0%9d%98%80-%f0%9d%97%94%f0%9d%97%a7%f0%9d%97%98-%f0%9d%97%bb%f0%9d%97%bc-%f0%9d%97%b0%f0%9d%97%bc%f0%9d%97%bb","status":"publish","type":"post","link":"https:\/\/www.elpolitologoyelpolitico.com.ar\/wordpress\/2022\/05\/06\/%f0%9d%97%a6%f0%9d%97%ae%f0%9d%97%b9%f0%9d%97%ae%f0%9d%97%bf%f0%9d%97%b6%f0%9d%97%bc%f0%9d%98%80-%f0%9d%97%94%f0%9d%97%a7%f0%9d%97%98-%f0%9d%97%bb%f0%9d%97%bc-%f0%9d%97%b0%f0%9d%97%bc%f0%9d%97%bb\/","title":{"rendered":"\ud835\udde6\ud835\uddee\ud835\uddf9\ud835\uddee\ud835\uddff\ud835\uddf6\ud835\uddfc\ud835\ude00: \ud835\uddd4\ud835\udde7\ud835\uddd8 \ud835\uddfb\ud835\uddfc \ud835\uddf0\ud835\uddfc\ud835\uddfb\ud835\uddf0\ud835\ude02\ud835\uddff\ud835\uddff\ud835\uddf6\ud835\uddff\ud835\uddee\u0301 \ud835\uddee \ud835\uddf9\ud835\uddee \ud835\uddd9\ud835\ude02\ud835\uddfb\ud835\uddf0\ud835\uddf6\ud835\uddfc\u0301\ud835\uddfb \ud835\udde3\ud835\ude02\u0301\ud835\uddef\ud835\uddf9\ud835\uddf6\ud835\uddf0\ud835\uddee \ud835\ude06 \ud835\uddfd\ud835\uddf6\ud835\uddf1\ud835\uddf2 \ud835\uddff\ud835\uddf2\ud835\uddfd\ud835\uddff\ud835\uddfc\ud835\uddf4\ud835\uddff\ud835\uddee\ud835\uddfa\ud835\uddee\ud835\uddff \ud835\uddf2\ud835\uddf9 \ud835\uddf2\ud835\uddfb\ud835\uddf0\ud835\ude02\ud835\uddf2\ud835\uddfb\ud835\ude01\ud835\uddff\ud835\uddfc\u00a0"},"content":{"rendered":"\n<p><\/p>\n\n\n\n<p>La Asociaci\u00f3n Trabajadores del Estado (ATE) no asistir\u00e1 a la convocatoria realizada por el Consejo de la Funci\u00f3n P\u00fablica para este viernes, en solidaridad con el paro convocado por Unter.<\/p>\n\n\n\n<p>A pesar de haber solicitado el anticipo de la revisi\u00f3n salarial con cortes de ruta y huelgas, ATE decidi\u00f3 no sentarse con las autoridades de la Funci\u00f3n P\u00fablica ni del Ejecutivo mientras los docentes sigan movilizados por aumento salarial y el descuento de los d\u00edas por paro realizados.<\/p>\n\n\n\n<p>ATE pidi\u00f3 reprogramar la audiencia a la vez que sostuvo la serie de demandas vinculadas a varios organismos con las que concurrir\u00e1 al encuentro.<\/p>\n<div class=\"fb-background-color\">\n\t\t\t  <div \n\t\t\t  \tclass = \"fb-comments\" \n\t\t\t  \tdata-href = \"https:\/\/www.elpolitologoyelpolitico.com.ar\/wordpress\/2022\/05\/06\/%f0%9d%97%a6%f0%9d%97%ae%f0%9d%97%b9%f0%9d%97%ae%f0%9d%97%bf%f0%9d%97%b6%f0%9d%97%bc%f0%9d%98%80-%f0%9d%97%94%f0%9d%97%a7%f0%9d%97%98-%f0%9d%97%bb%f0%9d%97%bc-%f0%9d%97%b0%f0%9d%97%bc%f0%9d%97%bb\/\"\n\t\t\t  \tdata-numposts = \"10\"\n\t\t\t  \tdata-lazy = \"true\"\n\t\t\t\tdata-colorscheme = \"light\"\n\t\t\t\tdata-order-by = \"social\"\n\t\t\t\tdata-mobile=true>\n\t\t\t  <\/div><\/div>\n\t\t  <style>\n\t\t    .fb-background-color {\n\t\t\t\tbackground: #ffffff !important;\n\t\t\t}\n\t\t\t.fb_iframe_widget_fluid_desktop iframe {\n\t\t\t    width: 100% !important;\n\t\t\t}\n\t\t  <\/style>\n\t\t  ","protected":false},"excerpt":{"rendered":"<p>La Asociaci\u00f3n Trabajadores del Estado (ATE) no asistir\u00e1 a la convocatoria realizada por el Consejo de la Funci\u00f3n P\u00fablica para este viernes, en solidaridad con el paro convocado por Unter. A pesar de haber solicitado el anticipo de la revisi\u00f3n salarial con cortes de ruta y huelgas, ATE decidi\u00f3 no sentarse con las autoridades de [&hellip;]<\/p>\n","protected":false},"author":4,"featured_media":20208,"comment_status":"closed","ping_status":"closed","sticky":false,"template":"","format":"standard","meta":{"_joinchat":[],"footnotes":""},"categories":[39],"tags":[],"class_list":["post-20207","post","type-post","status-publish","format-standard","has-post-thumbnail","hentry","category-en-esta-seccion"],"_links":{"self":[{"href":"https:\/\/www.elpolitologoyelpolitico.com.ar\/wordpress\/wp-json\/wp\/v2\/posts\/20207","targetHints":{"allow":["GET"]}}],"collection":[{"href":"https:\/\/www.elpolitologoyelpolitico.com.ar\/wordpress\/wp-json\/wp\/v2\/posts"}],"about":[{"href":"https:\/\/www.elpolitologoyelpolitico.com.ar\/wordpress\/wp-json\/wp\/v2\/types\/post"}],"author":[{"embeddable":true,"href":"https:\/\/www.elpolitologoyelpolitico.com.ar\/wordpress\/wp-json\/wp\/v2\/users\/4"}],"replies":[{"embeddable":true,"href":"https:\/\/www.elpolitologoyelpolitico.com.ar\/wordpress\/wp-json\/wp\/v2\/comments?post=20207"}],"version-history":[{"count":0,"href":"https:\/\/www.elpolitologoyelpolitico.com.ar\/wordpress\/wp-json\/wp\/v2\/posts\/20207\/revisions"}],"wp:featuredmedia":[{"embeddable":true,"href":"https:\/\/www.elpolitologoyelpolitico.com.ar\/wordpress\/wp-json\/wp\/v2\/media\/20208"}],"wp:attachment":[{"href":"https:\/\/www.elpolitologoyelpolitico.com.ar\/wordpress\/wp-json\/wp\/v2\/media?parent=20207"}],"wp:term":[{"taxonomy":"category","embeddable":true,"href":"https:\/\/www.elpolitologoyelpolitico.com.ar\/wordpress\/wp-json\/wp\/v2\/categories?post=20207"},{"taxonomy":"post_tag","embeddable":true,"href":"https:\/\/www.elpolitologoyelpolitico.com.ar\/wordpress\/wp-json\/wp\/v2\/tags?post=20207"}],"curies":[{"name":"wp","href":"https:\/\/api.w.org\/{rel}","templated":true}]}}