{"id":20202,"date":"2022-05-06T14:25:09","date_gmt":"2022-05-06T14:25:09","guid":{"rendered":"https:\/\/www.elpolitologoyelpolitico.com.ar\/wordpress\/?p=20202"},"modified":"2022-05-06T14:25:11","modified_gmt":"2022-05-06T14:25:11","slug":"fin-de-semana-en-viedma-agenda-de-actividades-culturales-y-deportivas","status":"publish","type":"post","link":"https:\/\/www.elpolitologoyelpolitico.com.ar\/wordpress\/2022\/05\/06\/fin-de-semana-en-viedma-agenda-de-actividades-culturales-y-deportivas\/","title":{"rendered":"Fin de semana en Viedma: agenda de actividades culturales y deportivas"},"content":{"rendered":"\n<p><\/p>\n\n\n\n<p>La agenda del gobierno de Viedma re\u00fane actividades culturales, deportivas y tur\u00edsticas para aprovechar de viernes a domingo con m\u00faltiples propuestas para disfrutar.<\/p>\n\n\n\n<p>En cuanto a las actividades culturales, este s\u00e1bado 7 de mayo, a partir de las 21.30, en el Centro Municipal de Cultura se presentar\u00e1 Buena Petroka!, con todo el humor del stand up.<\/p>\n\n\n\n<p>Adem\u00e1s desde el viernes 6 al domingo 8 de mayo , en el Centro Cultural se llevar\u00e1 adelante el Ciclo Municipal \u201cEN LA MIRADA DE\u2026 Laura Raitieri\u201d, seminario intensivo de entrenamiento teatral&nbsp; y montaje de escenas (CUPOS AGOTADOS)<\/p>\n\n\n\n<p>Asimismo, hasta el 20 de mayo, se podr\u00e1 visitar la muestra de pinturas \u201cBambalinas\u201d de Gerardo Randazzo (p horario de atenci\u00f3n al p\u00fablico y fines de semana cuando haya actividad programada)<\/p>\n\n\n\n<figure class=\"wp-block-image size-full\"><img fetchpriority=\"high\" decoding=\"async\" width=\"720\" height=\"720\" src=\"https:\/\/www.elpolitologoyelpolitico.com.ar\/wp-content\/uploads\/2022\/05\/IMG-20220505-WA0058.jpg\" alt=\"\" class=\"wp-image-20204\" srcset=\"https:\/\/www.elpolitologoyelpolitico.com.ar\/wp-content\/uploads\/2022\/05\/IMG-20220505-WA0058.jpg 720w, https:\/\/www.elpolitologoyelpolitico.com.ar\/wp-content\/uploads\/2022\/05\/IMG-20220505-WA0058-300x300.jpg 300w, https:\/\/www.elpolitologoyelpolitico.com.ar\/wp-content\/uploads\/2022\/05\/IMG-20220505-WA0058-150x150.jpg 150w\" sizes=\"(max-width: 720px) 100vw, 720px\" \/><\/figure>\n\n\n\n<p><strong>Agenda deportiva<\/strong><\/p>\n\n\n\n<p>En cuanto a las actividades deportivas, el s\u00e1bado 7 de mayo, desde las 10, en el predio del IPPV ( Ruta 1 y 3) se realizar\u00e1 un Encuentro de escuelas municipales de f\u00fatbol<\/p>\n\n\n\n<p>Adem\u00e1s, en ese mismo horario, tambi\u00e9n se llevar\u00e1 adelante un Torneo de Beach Voley en la cancha municipal de deportes de arena<\/p>\n\n\n\n<p>Desde las 14, el gobierno de Viedma acompa\u00f1ar\u00e1 al C\u00edrculo de Atletas Veteranos de la Comarca (CAVECO) en el Encuentro de Atletismo Infantil en la Pista Municipal de Atletismo.<\/p>\n\n\n\n<figure class=\"wp-block-image size-full\"><img decoding=\"async\" width=\"720\" height=\"505\" src=\"https:\/\/www.elpolitologoyelpolitico.com.ar\/wp-content\/uploads\/2022\/05\/IMG-20220505-WA0057.jpg\" alt=\"\" class=\"wp-image-20205\" srcset=\"https:\/\/www.elpolitologoyelpolitico.com.ar\/wp-content\/uploads\/2022\/05\/IMG-20220505-WA0057.jpg 720w, https:\/\/www.elpolitologoyelpolitico.com.ar\/wp-content\/uploads\/2022\/05\/IMG-20220505-WA0057-300x210.jpg 300w\" sizes=\"(max-width: 720px) 100vw, 720px\" \/><\/figure>\n<div class=\"fb-background-color\">\n\t\t\t  <div \n\t\t\t  \tclass = \"fb-comments\" \n\t\t\t  \tdata-href = \"https:\/\/www.elpolitologoyelpolitico.com.ar\/wordpress\/2022\/05\/06\/fin-de-semana-en-viedma-agenda-de-actividades-culturales-y-deportivas\/\"\n\t\t\t  \tdata-numposts = \"10\"\n\t\t\t  \tdata-lazy = \"true\"\n\t\t\t\tdata-colorscheme = \"light\"\n\t\t\t\tdata-order-by = \"social\"\n\t\t\t\tdata-mobile=true>\n\t\t\t  <\/div><\/div>\n\t\t  <style>\n\t\t    .fb-background-color {\n\t\t\t\tbackground: #ffffff !important;\n\t\t\t}\n\t\t\t.fb_iframe_widget_fluid_desktop iframe {\n\t\t\t    width: 100% !important;\n\t\t\t}\n\t\t  <\/style>\n\t\t  ","protected":false},"excerpt":{"rendered":"<p>La agenda del gobierno de Viedma re\u00fane actividades culturales, deportivas y tur\u00edsticas para aprovechar de viernes a domingo con m\u00faltiples propuestas para disfrutar. En cuanto a las actividades culturales, este s\u00e1bado 7 de mayo, a partir de las 21.30, en el Centro Municipal de Cultura se presentar\u00e1 Buena Petroka!, con todo el humor del stand [&hellip;]<\/p>\n","protected":false},"author":4,"featured_media":20203,"comment_status":"closed","ping_status":"closed","sticky":false,"template":"","format":"standard","meta":{"_joinchat":[],"footnotes":""},"categories":[39],"tags":[],"class_list":["post-20202","post","type-post","status-publish","format-standard","has-post-thumbnail","hentry","category-en-esta-seccion"],"_links":{"self":[{"href":"https:\/\/www.elpolitologoyelpolitico.com.ar\/wordpress\/wp-json\/wp\/v2\/posts\/20202","targetHints":{"allow":["GET"]}}],"collection":[{"href":"https:\/\/www.elpolitologoyelpolitico.com.ar\/wordpress\/wp-json\/wp\/v2\/posts"}],"about":[{"href":"https:\/\/www.elpolitologoyelpolitico.com.ar\/wordpress\/wp-json\/wp\/v2\/types\/post"}],"author":[{"embeddable":true,"href":"https:\/\/www.elpolitologoyelpolitico.com.ar\/wordpress\/wp-json\/wp\/v2\/users\/4"}],"replies":[{"embeddable":true,"href":"https:\/\/www.elpolitologoyelpolitico.com.ar\/wordpress\/wp-json\/wp\/v2\/comments?post=20202"}],"version-history":[{"count":0,"href":"https:\/\/www.elpolitologoyelpolitico.com.ar\/wordpress\/wp-json\/wp\/v2\/posts\/20202\/revisions"}],"wp:featuredmedia":[{"embeddable":true,"href":"https:\/\/www.elpolitologoyelpolitico.com.ar\/wordpress\/wp-json\/wp\/v2\/media\/20203"}],"wp:attachment":[{"href":"https:\/\/www.elpolitologoyelpolitico.com.ar\/wordpress\/wp-json\/wp\/v2\/media?parent=20202"}],"wp:term":[{"taxonomy":"category","embeddable":true,"href":"https:\/\/www.elpolitologoyelpolitico.com.ar\/wordpress\/wp-json\/wp\/v2\/categories?post=20202"},{"taxonomy":"post_tag","embeddable":true,"href":"https:\/\/www.elpolitologoyelpolitico.com.ar\/wordpress\/wp-json\/wp\/v2\/tags?post=20202"}],"curies":[{"name":"wp","href":"https:\/\/api.w.org\/{rel}","templated":true}]}}