{"id":20160,"date":"2022-05-05T00:38:01","date_gmt":"2022-05-05T00:38:01","guid":{"rendered":"https:\/\/www.elpolitologoyelpolitico.com.ar\/wordpress\/?p=20160"},"modified":"2022-05-05T00:38:03","modified_gmt":"2022-05-05T00:38:03","slug":"se-licito-la-obra-de-construccion-del-nuevo-edificio-del-centro-de-atencion-temprana-del-desarrollo-infantil-n1","status":"publish","type":"post","link":"https:\/\/www.elpolitologoyelpolitico.com.ar\/wordpress\/2022\/05\/05\/se-licito-la-obra-de-construccion-del-nuevo-edificio-del-centro-de-atencion-temprana-del-desarrollo-infantil-n1\/","title":{"rendered":"Se licit\u00f3 la obra de construcci\u00f3n del nuevo edificio del Centro de Atenci\u00f3n Temprana del Desarrollo Infantil N\u00b01"},"content":{"rendered":"\n<p>Este mi\u00e9rcoles por la ma\u00f1ana, el Intendente Jos\u00e9 Luis Zara presidi\u00f3 la licitaci\u00f3n de la obra de construcci\u00f3n del nuevo edificio del Centro de Atenci\u00f3n Temprana del Desarrollo Infantil N\u00b01, de Carmen de Patagones. <\/p>\n\n\n\n<p>Tras conocerse las ofertas, el Secretario de Obras P\u00fablicas, Jorge Isaac, asegur\u00f3 que \u201ccada vez que abrimos una licitaci\u00f3n es un motivo de felicidad y de alegr\u00eda para nosotros. Este es un trabajo de mucha gente, que elabora la documentaci\u00f3n, entre otras cosas y sobre todo el tema de conseguir los recursos, que es una decisi\u00f3n pol\u00edtica\u201d. <\/p>\n\n\n\n<p>\u201cEl Intendente fue muy claro de la necesidad de llevar adelante esta obra en este a\u00f1o asique estamos muy contentos de llevarla adelante. Esperamos que las ofertas est\u00e9n dentro de las expectativas para desarrollar la obra lo antes posible y que est\u00e9 a disposici\u00f3n de los usuarios\u201d, concluy\u00f3. <\/p>\n\n\n\n<p>El nuevo edificio ser\u00e1 financiado a trav\u00e9s del Fondo Educativo y contempla una inversi\u00f3n de m\u00e1s de 38 millones de pesos. <\/p>\n\n\n\n<p>\u201cEsto era algo que compromet\u00ed en los 30 a\u00f1os de aniversario del CEAT, que pudieran contar con su edificio propio y hoy es una realidad, al abrir esta licitaci\u00f3n. Esperamos que est\u00e9 dentro de los valores de la oferta como para comenzar lo antes posible\u201d, dijo el jefe comunal. <\/p>\n\n\n\n<p>De la misma manera, se\u00f1al\u00f3 que \u201ces un gusto poder abrir una nueva licitaci\u00f3n que tiene que ver con la educaci\u00f3n. Algo que siempre digo es que en mi gesti\u00f3n la educaci\u00f3n ha sido y sigue siendo una <\/p>\n\n\n\n<p>prioridad\u201d. <\/p>\n\n\n\n<p>Por su parte, la Directora del CEAT, Marisa Cabrera, destac\u00f3 que \u201ces una expectativa de hace mucho tiempo, es una necesidad imperiosa contar con una sede propia donde se trabaje desde los principios de la atenci\u00f3n temprana en la comunidad en edades de protonfancia de 0 a 3 a\u00f1os de vida\u201d.<\/p>\n\n\n\n<p>\u201cTanto el personal docente, t\u00e9cnico, las familias con las que trabajamos, la comunidad toda celebramos este d\u00eda y esta nueva oportunidad de disponer de un espacio propio con caracter\u00edsticas edilicias adecuadas para el trabajo que hacemos en protoinfancia, celebramos esta nueva fecha y reinicio\u201d, enfatiz\u00f3.<\/p>\n<div class=\"fb-background-color\">\n\t\t\t  <div \n\t\t\t  \tclass = \"fb-comments\" \n\t\t\t  \tdata-href = \"https:\/\/www.elpolitologoyelpolitico.com.ar\/wordpress\/2022\/05\/05\/se-licito-la-obra-de-construccion-del-nuevo-edificio-del-centro-de-atencion-temprana-del-desarrollo-infantil-n1\/\"\n\t\t\t  \tdata-numposts = \"10\"\n\t\t\t  \tdata-lazy = \"true\"\n\t\t\t\tdata-colorscheme = \"light\"\n\t\t\t\tdata-order-by = \"social\"\n\t\t\t\tdata-mobile=true>\n\t\t\t  <\/div><\/div>\n\t\t  <style>\n\t\t    .fb-background-color {\n\t\t\t\tbackground: #ffffff !important;\n\t\t\t}\n\t\t\t.fb_iframe_widget_fluid_desktop iframe {\n\t\t\t    width: 100% !important;\n\t\t\t}\n\t\t  <\/style>\n\t\t  ","protected":false},"excerpt":{"rendered":"<p>Este mi\u00e9rcoles por la ma\u00f1ana, el Intendente Jos\u00e9 Luis Zara presidi\u00f3 la licitaci\u00f3n de la obra de construcci\u00f3n del nuevo edificio del Centro de Atenci\u00f3n Temprana del Desarrollo Infantil N\u00b01, de Carmen de Patagones. Tras conocerse las ofertas, el Secretario de Obras P\u00fablicas, Jorge Isaac, asegur\u00f3 que \u201ccada vez que abrimos una licitaci\u00f3n es un [&hellip;]<\/p>\n","protected":false},"author":4,"featured_media":20161,"comment_status":"closed","ping_status":"closed","sticky":false,"template":"","format":"standard","meta":{"_joinchat":[],"footnotes":""},"categories":[4],"tags":[],"class_list":["post-20160","post","type-post","status-publish","format-standard","has-post-thumbnail","hentry","category-politicas-publicas"],"_links":{"self":[{"href":"https:\/\/www.elpolitologoyelpolitico.com.ar\/wordpress\/wp-json\/wp\/v2\/posts\/20160","targetHints":{"allow":["GET"]}}],"collection":[{"href":"https:\/\/www.elpolitologoyelpolitico.com.ar\/wordpress\/wp-json\/wp\/v2\/posts"}],"about":[{"href":"https:\/\/www.elpolitologoyelpolitico.com.ar\/wordpress\/wp-json\/wp\/v2\/types\/post"}],"author":[{"embeddable":true,"href":"https:\/\/www.elpolitologoyelpolitico.com.ar\/wordpress\/wp-json\/wp\/v2\/users\/4"}],"replies":[{"embeddable":true,"href":"https:\/\/www.elpolitologoyelpolitico.com.ar\/wordpress\/wp-json\/wp\/v2\/comments?post=20160"}],"version-history":[{"count":0,"href":"https:\/\/www.elpolitologoyelpolitico.com.ar\/wordpress\/wp-json\/wp\/v2\/posts\/20160\/revisions"}],"wp:featuredmedia":[{"embeddable":true,"href":"https:\/\/www.elpolitologoyelpolitico.com.ar\/wordpress\/wp-json\/wp\/v2\/media\/20161"}],"wp:attachment":[{"href":"https:\/\/www.elpolitologoyelpolitico.com.ar\/wordpress\/wp-json\/wp\/v2\/media?parent=20160"}],"wp:term":[{"taxonomy":"category","embeddable":true,"href":"https:\/\/www.elpolitologoyelpolitico.com.ar\/wordpress\/wp-json\/wp\/v2\/categories?post=20160"},{"taxonomy":"post_tag","embeddable":true,"href":"https:\/\/www.elpolitologoyelpolitico.com.ar\/wordpress\/wp-json\/wp\/v2\/tags?post=20160"}],"curies":[{"name":"wp","href":"https:\/\/api.w.org\/{rel}","templated":true}]}}