{"id":20050,"date":"2022-04-30T20:41:24","date_gmt":"2022-04-30T20:41:24","guid":{"rendered":"https:\/\/www.elpolitologoyelpolitico.com.ar\/wordpress\/?p=20050"},"modified":"2022-04-30T20:41:26","modified_gmt":"2022-04-30T20:41:26","slug":"elecciones-b-santa-clara-una-concejal-se-acerco-a-una-lista-y-provoco-el-enojo-de-las-demas-listas","status":"publish","type":"post","link":"https:\/\/www.elpolitologoyelpolitico.com.ar\/wordpress\/2022\/04\/30\/elecciones-b-santa-clara-una-concejal-se-acerco-a-una-lista-y-provoco-el-enojo-de-las-demas-listas\/","title":{"rendered":"ELECCIONES B\u00b0 Santa Clara: una Concejal se acerc\u00f3 a una lista y provoc\u00f3 el enojo de las dem\u00e1s listas.\u00a0"},"content":{"rendered":"\n<p><\/p>\n\n\n\n<p>Durante el d\u00eda de hoy, se realizan las elecciones en la Junta Vecinal del Barrio Santa Clara.&nbsp;<\/p>\n\n\n\n<p>Los comicios comenzaron desde muy temprano y los vecinos tienen tiempo hasta las 18hs para votar.<\/p>\n\n\n\n<p>Son tres listas las que se presentaron.<\/p>\n\n\n\n<p>Mientras los vecinos votaban, la Concejal Silbana Cullumilla se acerc\u00f3 y solamente saludo a una de las listas que se presentan en las elecciones, lo cual provoc\u00f3 una molestia en los dem\u00e1s integrantes.&nbsp;<\/p>\n\n\n\n<p>Hasta el momento vienen votando mas de 500 vecinos para elegir a sus representantes en la Junta Vecinal del barrio Popular Santa Clara.<\/p>\n\n\n\n<p>Los vecinos se pueden acercar con su DNI o Licencia de Conducir para emitir su voto.&nbsp;<\/p>\n\n\n\n<p>La \u00faltima hora se vive con un clima ansioso en la Junta Vecinal y cada vez falta menos para saber que lista gana las elecciones.<\/p>\n<div class=\"fb-background-color\">\n\t\t\t  <div \n\t\t\t  \tclass = \"fb-comments\" \n\t\t\t  \tdata-href = \"https:\/\/www.elpolitologoyelpolitico.com.ar\/wordpress\/2022\/04\/30\/elecciones-b-santa-clara-una-concejal-se-acerco-a-una-lista-y-provoco-el-enojo-de-las-demas-listas\/\"\n\t\t\t  \tdata-numposts = \"10\"\n\t\t\t  \tdata-lazy = \"true\"\n\t\t\t\tdata-colorscheme = \"light\"\n\t\t\t\tdata-order-by = \"social\"\n\t\t\t\tdata-mobile=true>\n\t\t\t  <\/div><\/div>\n\t\t  <style>\n\t\t    .fb-background-color {\n\t\t\t\tbackground: #ffffff !important;\n\t\t\t}\n\t\t\t.fb_iframe_widget_fluid_desktop iframe {\n\t\t\t    width: 100% !important;\n\t\t\t}\n\t\t  <\/style>\n\t\t  ","protected":false},"excerpt":{"rendered":"<p>Durante el d\u00eda de hoy, se realizan las elecciones en la Junta Vecinal del Barrio Santa Clara.&nbsp; Los comicios comenzaron desde muy temprano y los vecinos tienen tiempo hasta las 18hs para votar. Son tres listas las que se presentaron. Mientras los vecinos votaban, la Concejal Silbana Cullumilla se acerc\u00f3 y solamente saludo a una [&hellip;]<\/p>\n","protected":false},"author":4,"featured_media":20051,"comment_status":"closed","ping_status":"closed","sticky":false,"template":"","format":"standard","meta":{"_joinchat":[],"footnotes":""},"categories":[38],"tags":[],"class_list":["post-20050","post","type-post","status-publish","format-standard","has-post-thumbnail","hentry","category-elecciones"],"_links":{"self":[{"href":"https:\/\/www.elpolitologoyelpolitico.com.ar\/wordpress\/wp-json\/wp\/v2\/posts\/20050","targetHints":{"allow":["GET"]}}],"collection":[{"href":"https:\/\/www.elpolitologoyelpolitico.com.ar\/wordpress\/wp-json\/wp\/v2\/posts"}],"about":[{"href":"https:\/\/www.elpolitologoyelpolitico.com.ar\/wordpress\/wp-json\/wp\/v2\/types\/post"}],"author":[{"embeddable":true,"href":"https:\/\/www.elpolitologoyelpolitico.com.ar\/wordpress\/wp-json\/wp\/v2\/users\/4"}],"replies":[{"embeddable":true,"href":"https:\/\/www.elpolitologoyelpolitico.com.ar\/wordpress\/wp-json\/wp\/v2\/comments?post=20050"}],"version-history":[{"count":0,"href":"https:\/\/www.elpolitologoyelpolitico.com.ar\/wordpress\/wp-json\/wp\/v2\/posts\/20050\/revisions"}],"wp:featuredmedia":[{"embeddable":true,"href":"https:\/\/www.elpolitologoyelpolitico.com.ar\/wordpress\/wp-json\/wp\/v2\/media\/20051"}],"wp:attachment":[{"href":"https:\/\/www.elpolitologoyelpolitico.com.ar\/wordpress\/wp-json\/wp\/v2\/media?parent=20050"}],"wp:term":[{"taxonomy":"category","embeddable":true,"href":"https:\/\/www.elpolitologoyelpolitico.com.ar\/wordpress\/wp-json\/wp\/v2\/categories?post=20050"},{"taxonomy":"post_tag","embeddable":true,"href":"https:\/\/www.elpolitologoyelpolitico.com.ar\/wordpress\/wp-json\/wp\/v2\/tags?post=20050"}],"curies":[{"name":"wp","href":"https:\/\/api.w.org\/{rel}","templated":true}]}}