{"id":19675,"date":"2022-04-20T13:44:33","date_gmt":"2022-04-20T13:44:33","guid":{"rendered":"https:\/\/www.elpolitologoyelpolitico.com.ar\/wordpress\/?p=19675"},"modified":"2022-04-20T13:44:56","modified_gmt":"2022-04-20T13:44:56","slug":"convocatoria-a-elecciones-para-la-comision-de-fomento-del-barrio-nestor-kirchner","status":"publish","type":"post","link":"https:\/\/www.elpolitologoyelpolitico.com.ar\/wordpress\/2022\/04\/20\/convocatoria-a-elecciones-para-la-comision-de-fomento-del-barrio-nestor-kirchner\/","title":{"rendered":"Convocatoria a elecciones para la Comisi\u00f3n de Fomento del barrio N\u00e9stor Kirchner"},"content":{"rendered":"\n<p><\/p>\n\n\n\n<p>La Direcci\u00f3n de Gobierno informa que, de acuerdo a lo establecido en el Decreto Municipal N\u00ba 629\/2022, se convoca a elecciones para la conformaci\u00f3n de las autoridades de la Comisi\u00f3n de Fomento del barrio \u201cPresidente N\u00e9stor Carlos Kirchner\u201d, de Carmen de Patagones.<\/p>\n\n\n\n<p>La fecha del acto eleccionario ser\u00e1 el d\u00eda 3 de julio del corriente a\u00f1o, en el horario de 10:00 a 13:00, en lugar a confirmar.<\/p>\n\n\n\n<p>Las presentaciones de listas se har\u00e1n ante la Junta Electoral, que funciona en la Asesor\u00eda Legal de la Municipalidad de Patagones, con una antelaci\u00f3n no menor a 20 d\u00edas de la fecha del comicio.<\/p>\n\n\n\n<p>Los requisitos que deber\u00e1n cumplir para la presentaci\u00f3n de las listas, ser\u00e1n conforme a lo establecido en la Ordenanza Municipal N\u00ba 43\/03 y sus Anexos.<\/p>\n<div class=\"fb-background-color\">\n\t\t\t  <div \n\t\t\t  \tclass = \"fb-comments\" \n\t\t\t  \tdata-href = \"https:\/\/www.elpolitologoyelpolitico.com.ar\/wordpress\/2022\/04\/20\/convocatoria-a-elecciones-para-la-comision-de-fomento-del-barrio-nestor-kirchner\/\"\n\t\t\t  \tdata-numposts = \"10\"\n\t\t\t  \tdata-lazy = \"true\"\n\t\t\t\tdata-colorscheme = \"light\"\n\t\t\t\tdata-order-by = \"social\"\n\t\t\t\tdata-mobile=true>\n\t\t\t  <\/div><\/div>\n\t\t  <style>\n\t\t    .fb-background-color {\n\t\t\t\tbackground: #ffffff !important;\n\t\t\t}\n\t\t\t.fb_iframe_widget_fluid_desktop iframe {\n\t\t\t    width: 100% !important;\n\t\t\t}\n\t\t  <\/style>\n\t\t  ","protected":false},"excerpt":{"rendered":"<p>La Direcci\u00f3n de Gobierno informa que, de acuerdo a lo establecido en el Decreto Municipal N\u00ba 629\/2022, se convoca a elecciones para la conformaci\u00f3n de las autoridades de la Comisi\u00f3n de Fomento del barrio \u201cPresidente N\u00e9stor Carlos Kirchner\u201d, de Carmen de Patagones. La fecha del acto eleccionario ser\u00e1 el d\u00eda 3 de julio del corriente [&hellip;]<\/p>\n","protected":false},"author":4,"featured_media":19676,"comment_status":"closed","ping_status":"closed","sticky":false,"template":"","format":"standard","meta":{"_joinchat":[],"footnotes":""},"categories":[38],"tags":[],"class_list":["post-19675","post","type-post","status-publish","format-standard","has-post-thumbnail","hentry","category-elecciones"],"_links":{"self":[{"href":"https:\/\/www.elpolitologoyelpolitico.com.ar\/wordpress\/wp-json\/wp\/v2\/posts\/19675","targetHints":{"allow":["GET"]}}],"collection":[{"href":"https:\/\/www.elpolitologoyelpolitico.com.ar\/wordpress\/wp-json\/wp\/v2\/posts"}],"about":[{"href":"https:\/\/www.elpolitologoyelpolitico.com.ar\/wordpress\/wp-json\/wp\/v2\/types\/post"}],"author":[{"embeddable":true,"href":"https:\/\/www.elpolitologoyelpolitico.com.ar\/wordpress\/wp-json\/wp\/v2\/users\/4"}],"replies":[{"embeddable":true,"href":"https:\/\/www.elpolitologoyelpolitico.com.ar\/wordpress\/wp-json\/wp\/v2\/comments?post=19675"}],"version-history":[{"count":0,"href":"https:\/\/www.elpolitologoyelpolitico.com.ar\/wordpress\/wp-json\/wp\/v2\/posts\/19675\/revisions"}],"wp:featuredmedia":[{"embeddable":true,"href":"https:\/\/www.elpolitologoyelpolitico.com.ar\/wordpress\/wp-json\/wp\/v2\/media\/19676"}],"wp:attachment":[{"href":"https:\/\/www.elpolitologoyelpolitico.com.ar\/wordpress\/wp-json\/wp\/v2\/media?parent=19675"}],"wp:term":[{"taxonomy":"category","embeddable":true,"href":"https:\/\/www.elpolitologoyelpolitico.com.ar\/wordpress\/wp-json\/wp\/v2\/categories?post=19675"},{"taxonomy":"post_tag","embeddable":true,"href":"https:\/\/www.elpolitologoyelpolitico.com.ar\/wordpress\/wp-json\/wp\/v2\/tags?post=19675"}],"curies":[{"name":"wp","href":"https:\/\/api.w.org\/{rel}","templated":true}]}}