{"id":19430,"date":"2022-04-16T00:21:54","date_gmt":"2022-04-16T00:21:54","guid":{"rendered":"https:\/\/www.elpolitologoyelpolitico.com.ar\/wordpress\/?p=19430"},"modified":"2022-04-16T00:24:37","modified_gmt":"2022-04-16T00:24:37","slug":"gran-avance-de-la-campana-nacional-de-vacunacion-contra-el-covid-19-en-rio-negro","status":"publish","type":"post","link":"https:\/\/www.elpolitologoyelpolitico.com.ar\/wordpress\/2022\/04\/16\/gran-avance-de-la-campana-nacional-de-vacunacion-contra-el-covid-19-en-rio-negro\/","title":{"rendered":"Gran avance de la Campa\u00f1a Nacional de Vacunaci\u00f3n contra el COVID-19 en R\u00edo Negro"},"content":{"rendered":"\t\t<div data-elementor-type=\"wp-post\" data-elementor-id=\"19430\" class=\"elementor elementor-19430\">\n\t\t\t\t\t\t<section class=\"elementor-section elementor-top-section elementor-element elementor-element-72aa2718 elementor-section-boxed elementor-section-height-default elementor-section-height-default\" data-id=\"72aa2718\" data-element_type=\"section\" data-e-type=\"section\">\n\t\t\t\t\t\t<div class=\"elementor-container elementor-column-gap-default\">\n\t\t\t\t\t<div class=\"elementor-column elementor-col-100 elementor-top-column elementor-element elementor-element-7a389d0f\" data-id=\"7a389d0f\" data-element_type=\"column\" data-e-type=\"column\">\n\t\t\t<div class=\"elementor-widget-wrap elementor-element-populated\">\n\t\t\t\t\t\t<div class=\"elementor-element elementor-element-34b4612d elementor-widget elementor-widget-text-editor\" data-id=\"34b4612d\" data-element_type=\"widget\" data-e-type=\"widget\" data-widget_type=\"text-editor.default\">\n\t\t\t\t<div class=\"elementor-widget-container\">\n\t\t\t\t\t\t\t\t\t\n<p><\/p>\n\n\n\n<p>El Ministerio de Salud destaca el gran avance de la vacunaci\u00f3n contra el COVID-19 en la provincia e incita a la comunidad a completar o iniciar su esquema de vacunaci\u00f3n contra el coronavirus.<\/p>\n\n\n\n<p>En este sentido, seg\u00fan datos registrados en el Siisa \u2013 NOMIVAC el Departamento de Control Enfermedades Inmunoprevenibles del Ministerio de Salud de R\u00edo Negro indica que ya se aplicaron 1.604.807 dosis contra el COVID-19.<\/p>\n\n\n\n<p>Entre estas dosis aplicadas se encuentran aquellas personas que iniciaron o completaron su esquema de vacunaci\u00f3n y aquellos que recibieron la dosis adicional.<\/p>\n\n\n\n<p><strong>Vacunas aplicadas en R\u00edo Negro<\/strong><\/p>\n\n\n\n<p>Dentro del grupo perteneciente a la poblaci\u00f3n mayor de 18 a\u00f1os, se aplicaron 1.318.39 dosis; en el grupo de Adolescentes de 12 a 17 a\u00f1os son 127.891 dosis aplicadas; y en tanto en la poblaci\u00f3n objetivo de ni\u00f1os y ni\u00f1as de 3 a 11 a\u00f1os un 85% de este grupo iniciaron su esquema de vacunaci\u00f3n y se registra 158.638 dosis aplicadas.&nbsp;<\/p>\n\n\n\n<p><strong>\u00bfQui\u00e9nes pueden recibir la tercera dosis o dosis adicional?<\/strong><\/p>\n\n\n\n<p>Todas las personas mayores de 18 a\u00f1os, con o sin factores de riesgo que hayan cumplido con el plazo m\u00ednimo de 4 meses aplicada la segunda dosis, pueden recibir su dosis adicional contra el COVID-19 con cualquiera de las vacunas existentes.<\/p>\n\n\n\n<p>Otro de los grupos que pueden recibir la dosis adicional, es el de 12 a 17 a\u00f1os con factores de riesgo y los menores de 3 a 12 a\u00f1os con las mismas condiciones.<\/p>\n\n\n\n<p><strong>Iniciar esquemas de vacunaci\u00f3n<\/strong><\/p>\n\n\n\n<p>As\u00ed mismo se recuerda que la provincia cuenta con vacunas disponibles y quienes deseen recibir su primera dosis o completar el esquema de vacunaci\u00f3n contra el COVID-19 pueden realizarlo en cualquier momento acerc\u00e1ndose en los horarios habituales en cualquier vacunatorio de su hospital m\u00e1s cercano.<\/p>\n\n\n\n<p>Por \u00faltimo, en referencia al grupo de menores de 5 a 11 a\u00f1os, es importante se\u00f1alar que R\u00edo Negro cuenta con dosis de la vacuna Pfizer las cuales est\u00e1n destinadas para esta poblaci\u00f3n.<\/p>\n\t\t\t\t\t\t\t\t<\/div>\n\t\t\t\t<\/div>\n\t\t\t\t\t<\/div>\n\t\t<\/div>\n\t\t\t\t\t<\/div>\n\t\t<\/section>\n\t\t\t\t<\/div>\n\t\t<div class=\"fb-background-color\">\n\t\t\t  <div \n\t\t\t  \tclass = \"fb-comments\" \n\t\t\t  \tdata-href = \"https:\/\/www.elpolitologoyelpolitico.com.ar\/wordpress\/2022\/04\/16\/gran-avance-de-la-campana-nacional-de-vacunacion-contra-el-covid-19-en-rio-negro\/\"\n\t\t\t  \tdata-numposts = \"10\"\n\t\t\t  \tdata-lazy = \"true\"\n\t\t\t\tdata-colorscheme = \"light\"\n\t\t\t\tdata-order-by = \"social\"\n\t\t\t\tdata-mobile=true>\n\t\t\t  <\/div><\/div>\n\t\t  <style>\n\t\t    .fb-background-color {\n\t\t\t\tbackground: #ffffff !important;\n\t\t\t}\n\t\t\t.fb_iframe_widget_fluid_desktop iframe {\n\t\t\t    width: 100% !important;\n\t\t\t}\n\t\t  <\/style>\n\t\t  ","protected":false},"excerpt":{"rendered":"<p>El Ministerio de Salud destaca el gran avance de la vacunaci\u00f3n contra el COVID-19 en la provincia e incita a la comunidad a completar o iniciar su esquema de vacunaci\u00f3n contra el coronavirus. En este sentido, seg\u00fan datos registrados en el Siisa \u2013 NOMIVAC el Departamento de Control Enfermedades Inmunoprevenibles del Ministerio de Salud de [&hellip;]<\/p>\n","protected":false},"author":4,"featured_media":19431,"comment_status":"closed","ping_status":"closed","sticky":false,"template":"","format":"standard","meta":{"_joinchat":[],"footnotes":""},"categories":[1],"tags":[],"class_list":["post-19430","post","type-post","status-publish","format-standard","has-post-thumbnail","hentry","category-universitario"],"_links":{"self":[{"href":"https:\/\/www.elpolitologoyelpolitico.com.ar\/wordpress\/wp-json\/wp\/v2\/posts\/19430","targetHints":{"allow":["GET"]}}],"collection":[{"href":"https:\/\/www.elpolitologoyelpolitico.com.ar\/wordpress\/wp-json\/wp\/v2\/posts"}],"about":[{"href":"https:\/\/www.elpolitologoyelpolitico.com.ar\/wordpress\/wp-json\/wp\/v2\/types\/post"}],"author":[{"embeddable":true,"href":"https:\/\/www.elpolitologoyelpolitico.com.ar\/wordpress\/wp-json\/wp\/v2\/users\/4"}],"replies":[{"embeddable":true,"href":"https:\/\/www.elpolitologoyelpolitico.com.ar\/wordpress\/wp-json\/wp\/v2\/comments?post=19430"}],"version-history":[{"count":0,"href":"https:\/\/www.elpolitologoyelpolitico.com.ar\/wordpress\/wp-json\/wp\/v2\/posts\/19430\/revisions"}],"wp:featuredmedia":[{"embeddable":true,"href":"https:\/\/www.elpolitologoyelpolitico.com.ar\/wordpress\/wp-json\/wp\/v2\/media\/19431"}],"wp:attachment":[{"href":"https:\/\/www.elpolitologoyelpolitico.com.ar\/wordpress\/wp-json\/wp\/v2\/media?parent=19430"}],"wp:term":[{"taxonomy":"category","embeddable":true,"href":"https:\/\/www.elpolitologoyelpolitico.com.ar\/wordpress\/wp-json\/wp\/v2\/categories?post=19430"},{"taxonomy":"post_tag","embeddable":true,"href":"https:\/\/www.elpolitologoyelpolitico.com.ar\/wordpress\/wp-json\/wp\/v2\/tags?post=19430"}],"curies":[{"name":"wp","href":"https:\/\/api.w.org\/{rel}","templated":true}]}}