{"id":19397,"date":"2022-04-15T21:42:47","date_gmt":"2022-04-15T21:42:47","guid":{"rendered":"https:\/\/www.elpolitologoyelpolitico.com.ar\/wordpress\/?p=19397"},"modified":"2022-04-15T22:04:46","modified_gmt":"2022-04-15T22:04:46","slug":"compromiso-ii-sin-mujeres-no-en-carmen-de-patagones","status":"publish","type":"post","link":"https:\/\/www.elpolitologoyelpolitico.com.ar\/wordpress\/2022\/04\/15\/compromiso-ii-sin-mujeres-no-en-carmen-de-patagones\/","title":{"rendered":"Compromiso II: \u201cSin mujeres no\u201d en Carmen de Patagones"},"content":{"rendered":"\t\t<div data-elementor-type=\"wp-post\" data-elementor-id=\"19397\" class=\"elementor elementor-19397\">\n\t\t\t\t\t\t<section class=\"elementor-section elementor-top-section elementor-element elementor-element-4c118670 elementor-section-boxed elementor-section-height-default elementor-section-height-default\" data-id=\"4c118670\" data-element_type=\"section\" data-e-type=\"section\">\n\t\t\t\t\t\t<div class=\"elementor-container elementor-column-gap-default\">\n\t\t\t\t\t<div class=\"elementor-column elementor-col-100 elementor-top-column elementor-element elementor-element-611f2c57\" data-id=\"611f2c57\" data-element_type=\"column\" data-e-type=\"column\">\n\t\t\t<div class=\"elementor-widget-wrap elementor-element-populated\">\n\t\t\t\t\t\t<div class=\"elementor-element elementor-element-7039d7a3 elementor-widget elementor-widget-text-editor\" data-id=\"7039d7a3\" data-element_type=\"widget\" data-e-type=\"widget\" data-widget_type=\"text-editor.default\">\n\t\t\t\t<div class=\"elementor-widget-container\">\n\t\t\t\t\t\t\t\t\t\n<p><\/p>\n\n\n\n<p>Como en otros Comit\u00e9s, la ciudad del sur bonaerense se sum\u00f3 a la propuesta.<\/p>\n\n\n\n<p>Otra etapa de la campa\u00f1a provincial \u201cSin Mujeres No\u201d, tuvo como escenario del Comit\u00e9 de Carmen de Patagones.<\/p>\n\n\n\n<p>Como en otras casas radicales, la participaci\u00f3n de las autoridades partidarias, dirigentes, militancia y legisladores fue parte del escenario. \u00c9stos firmaron el compromiso con el prop\u00f3sito de \u201cno participar como ponente en ning\u00fan evento pol\u00edtico \u2013 partidario (conferencia, acto p\u00fablico, congreso, jornadas o similar) o mesa redonda de m\u00e1s de dos ponentes donde no haya al menos una mujer en calidad de ponente\/experta\/invitada\u201d.<\/p>\n\n\n\n<p>La iniciativa, fundada en garantizar la paridad de g\u00e9nero en el acceso a cargos p\u00fablicos, ideada por la Mesa de Legisladoras de la UCR, va in crescendo en la Provincia.<\/p>\n\n\n\n<p>La presidente del Comit\u00e9, Dolores Patan\u00e9, encabez\u00f3 la ceremonia que concluy\u00f3 con la firma del acta, entre otros el diputado provincial Emiliano Balb\u00edn, quien coment\u00f3 \u201cestamos llevando el mensaje del presidente del Comit\u00e9 Provincia, y su presidente Maxi Abad, al comit\u00e9 de la UCR Patagones. Un mensaje de modernizaci\u00f3n, se liderazgos paritarios, y el compromiso de no pensar nada sin las mujeres de nuestro partido\u201d.<\/p>\n\n\n\n<p>Tambi\u00e9n en las redes se expres\u00f3 la militante de la VI Secci\u00f3n Electoral, Nerina Neumann Losada: \u201cSeguimos visibilizando a las mujeres, y los hombres se comprometen a no participar de ning\u00fan panel en el que no haya al menos una mujer\u201d. Agreg\u00f3 que \u201cen Patagones, junto a las autoridades partidarias, las mujeres radicales y el diputado Emiliano Balb\u00edn estamos llevando el mensaje de la UCR Buenos Aires a todo el territorio\u201d.<\/p>\n\n\n\n<figure class=\"wp-block-gallery has-nested-images columns-default is-cropped wp-block-gallery-2 is-layout-flex wp-block-gallery-is-layout-flex\">\n<figure class=\"wp-block-image size-large\"><img fetchpriority=\"high\" decoding=\"async\" width=\"750\" height=\"375\" data-id=\"19399\" src=\"https:\/\/www.elpolitologoyelpolitico.com.ar\/wp-content\/uploads\/2022\/04\/IMG-20220415-WA0038.jpg\" alt=\"\" class=\"wp-image-19399\" srcset=\"https:\/\/www.elpolitologoyelpolitico.com.ar\/wp-content\/uploads\/2022\/04\/IMG-20220415-WA0038.jpg 750w, https:\/\/www.elpolitologoyelpolitico.com.ar\/wp-content\/uploads\/2022\/04\/IMG-20220415-WA0038-300x150.jpg 300w\" sizes=\"(max-width: 750px) 100vw, 750px\" \/><\/figure>\n\n\n\n<figure class=\"wp-block-image size-large\"><img decoding=\"async\" width=\"750\" height=\"630\" data-id=\"19400\" src=\"https:\/\/www.elpolitologoyelpolitico.com.ar\/wp-content\/uploads\/2022\/04\/IMG-20220415-WA0037.jpg\" alt=\"\" class=\"wp-image-19400\" srcset=\"https:\/\/www.elpolitologoyelpolitico.com.ar\/wp-content\/uploads\/2022\/04\/IMG-20220415-WA0037.jpg 750w, https:\/\/www.elpolitologoyelpolitico.com.ar\/wp-content\/uploads\/2022\/04\/IMG-20220415-WA0037-300x252.jpg 300w\" sizes=\"(max-width: 750px) 100vw, 750px\" \/><\/figure>\n\n\n\n<figure class=\"wp-block-image size-large\"><img decoding=\"async\" width=\"750\" height=\"630\" data-id=\"19403\" src=\"https:\/\/www.elpolitologoyelpolitico.com.ar\/wp-content\/uploads\/2022\/04\/IMG-20220415-WA0036.jpg\" alt=\"\" class=\"wp-image-19403\" srcset=\"https:\/\/www.elpolitologoyelpolitico.com.ar\/wp-content\/uploads\/2022\/04\/IMG-20220415-WA0036.jpg 750w, https:\/\/www.elpolitologoyelpolitico.com.ar\/wp-content\/uploads\/2022\/04\/IMG-20220415-WA0036-300x252.jpg 300w\" sizes=\"(max-width: 750px) 100vw, 750px\" \/><\/figure>\n\n\n\n<figure class=\"wp-block-image size-large\"><img loading=\"lazy\" decoding=\"async\" width=\"667\" height=\"907\" data-id=\"19401\" src=\"https:\/\/www.elpolitologoyelpolitico.com.ar\/wp-content\/uploads\/2022\/04\/IMG-20220415-WA0035-1.jpg\" alt=\"\" class=\"wp-image-19401\" srcset=\"https:\/\/www.elpolitologoyelpolitico.com.ar\/wp-content\/uploads\/2022\/04\/IMG-20220415-WA0035-1.jpg 667w, https:\/\/www.elpolitologoyelpolitico.com.ar\/wp-content\/uploads\/2022\/04\/IMG-20220415-WA0035-1-221x300.jpg 221w\" sizes=\"(max-width: 667px) 100vw, 667px\" \/><\/figure>\n\n\n\n<figure class=\"wp-block-image size-large\"><img loading=\"lazy\" decoding=\"async\" width=\"750\" height=\"922\" data-id=\"19405\" src=\"https:\/\/www.elpolitologoyelpolitico.com.ar\/wp-content\/uploads\/2022\/04\/IMG-20220415-WA0034.jpg\" alt=\"\" class=\"wp-image-19405\" srcset=\"https:\/\/www.elpolitologoyelpolitico.com.ar\/wp-content\/uploads\/2022\/04\/IMG-20220415-WA0034.jpg 750w, https:\/\/www.elpolitologoyelpolitico.com.ar\/wp-content\/uploads\/2022\/04\/IMG-20220415-WA0034-244x300.jpg 244w\" sizes=\"(max-width: 750px) 100vw, 750px\" \/><\/figure>\n\n\n\n<figure class=\"wp-block-image size-large\"><img loading=\"lazy\" decoding=\"async\" width=\"750\" height=\"375\" data-id=\"19402\" src=\"https:\/\/www.elpolitologoyelpolitico.com.ar\/wp-content\/uploads\/2022\/04\/IMG-20220415-WA0054.jpg\" alt=\"\" class=\"wp-image-19402\" srcset=\"https:\/\/www.elpolitologoyelpolitico.com.ar\/wp-content\/uploads\/2022\/04\/IMG-20220415-WA0054.jpg 750w, https:\/\/www.elpolitologoyelpolitico.com.ar\/wp-content\/uploads\/2022\/04\/IMG-20220415-WA0054-300x150.jpg 300w\" sizes=\"(max-width: 750px) 100vw, 750px\" \/><\/figure>\n\n\n\n<figure class=\"wp-block-image size-large\"><img loading=\"lazy\" decoding=\"async\" width=\"750\" height=\"500\" data-id=\"19404\" src=\"https:\/\/www.elpolitologoyelpolitico.com.ar\/wp-content\/uploads\/2022\/04\/IMG-20220415-WA0053.jpg\" alt=\"\" class=\"wp-image-19404\" srcset=\"https:\/\/www.elpolitologoyelpolitico.com.ar\/wp-content\/uploads\/2022\/04\/IMG-20220415-WA0053.jpg 750w, https:\/\/www.elpolitologoyelpolitico.com.ar\/wp-content\/uploads\/2022\/04\/IMG-20220415-WA0053-300x200.jpg 300w\" sizes=\"(max-width: 750px) 100vw, 750px\" \/><\/figure>\n<\/figure>\n\t\t\t\t\t\t\t\t<\/div>\n\t\t\t\t<\/div>\n\t\t\t\t\t<\/div>\n\t\t<\/div>\n\t\t\t\t\t<\/div>\n\t\t<\/section>\n\t\t\t\t<\/div>\n\t\t<div class=\"fb-background-color\">\n\t\t\t  <div \n\t\t\t  \tclass = \"fb-comments\" \n\t\t\t  \tdata-href = \"https:\/\/www.elpolitologoyelpolitico.com.ar\/wordpress\/2022\/04\/15\/compromiso-ii-sin-mujeres-no-en-carmen-de-patagones\/\"\n\t\t\t  \tdata-numposts = \"10\"\n\t\t\t  \tdata-lazy = \"true\"\n\t\t\t\tdata-colorscheme = \"light\"\n\t\t\t\tdata-order-by = \"social\"\n\t\t\t\tdata-mobile=true>\n\t\t\t  <\/div><\/div>\n\t\t  <style>\n\t\t    .fb-background-color {\n\t\t\t\tbackground: #ffffff !important;\n\t\t\t}\n\t\t\t.fb_iframe_widget_fluid_desktop iframe {\n\t\t\t    width: 100% !important;\n\t\t\t}\n\t\t  <\/style>\n\t\t  ","protected":false},"excerpt":{"rendered":"<p>Como en otros Comit\u00e9s, la ciudad del sur bonaerense se sum\u00f3 a la propuesta. Otra etapa de la campa\u00f1a provincial \u201cSin Mujeres No\u201d, tuvo como escenario del Comit\u00e9 de Carmen de Patagones. Como en otras casas radicales, la participaci\u00f3n de las autoridades partidarias, dirigentes, militancia y legisladores fue parte del escenario. \u00c9stos firmaron el compromiso [&hellip;]<\/p>\n","protected":false},"author":4,"featured_media":19398,"comment_status":"closed","ping_status":"closed","sticky":false,"template":"","format":"standard","meta":{"_joinchat":[],"footnotes":""},"categories":[5],"tags":[],"class_list":["post-19397","post","type-post","status-publish","format-standard","has-post-thumbnail","hentry","category-partidos-politicos"],"_links":{"self":[{"href":"https:\/\/www.elpolitologoyelpolitico.com.ar\/wordpress\/wp-json\/wp\/v2\/posts\/19397","targetHints":{"allow":["GET"]}}],"collection":[{"href":"https:\/\/www.elpolitologoyelpolitico.com.ar\/wordpress\/wp-json\/wp\/v2\/posts"}],"about":[{"href":"https:\/\/www.elpolitologoyelpolitico.com.ar\/wordpress\/wp-json\/wp\/v2\/types\/post"}],"author":[{"embeddable":true,"href":"https:\/\/www.elpolitologoyelpolitico.com.ar\/wordpress\/wp-json\/wp\/v2\/users\/4"}],"replies":[{"embeddable":true,"href":"https:\/\/www.elpolitologoyelpolitico.com.ar\/wordpress\/wp-json\/wp\/v2\/comments?post=19397"}],"version-history":[{"count":0,"href":"https:\/\/www.elpolitologoyelpolitico.com.ar\/wordpress\/wp-json\/wp\/v2\/posts\/19397\/revisions"}],"wp:featuredmedia":[{"embeddable":true,"href":"https:\/\/www.elpolitologoyelpolitico.com.ar\/wordpress\/wp-json\/wp\/v2\/media\/19398"}],"wp:attachment":[{"href":"https:\/\/www.elpolitologoyelpolitico.com.ar\/wordpress\/wp-json\/wp\/v2\/media?parent=19397"}],"wp:term":[{"taxonomy":"category","embeddable":true,"href":"https:\/\/www.elpolitologoyelpolitico.com.ar\/wordpress\/wp-json\/wp\/v2\/categories?post=19397"},{"taxonomy":"post_tag","embeddable":true,"href":"https:\/\/www.elpolitologoyelpolitico.com.ar\/wordpress\/wp-json\/wp\/v2\/tags?post=19397"}],"curies":[{"name":"wp","href":"https:\/\/api.w.org\/{rel}","templated":true}]}}