{"id":19177,"date":"2022-04-12T13:56:40","date_gmt":"2022-04-12T13:56:40","guid":{"rendered":"https:\/\/www.elpolitologoyelpolitico.com.ar\/wordpress\/?p=19177"},"modified":"2022-04-12T13:57:48","modified_gmt":"2022-04-12T13:57:48","slug":"suelo-urbano-se-adjudicaron-134-lotes-en-viedma","status":"publish","type":"post","link":"https:\/\/www.elpolitologoyelpolitico.com.ar\/wordpress\/2022\/04\/12\/suelo-urbano-se-adjudicaron-134-lotes-en-viedma\/","title":{"rendered":"Suelo Urbano: se adjudicaron 134 lotes en Viedma"},"content":{"rendered":"\t\t<div data-elementor-type=\"wp-post\" data-elementor-id=\"19177\" class=\"elementor elementor-19177\">\n\t\t\t\t\t\t<section class=\"elementor-section elementor-top-section elementor-element elementor-element-28444007 elementor-section-boxed elementor-section-height-default elementor-section-height-default\" data-id=\"28444007\" data-element_type=\"section\" data-e-type=\"section\">\n\t\t\t\t\t\t<div class=\"elementor-container elementor-column-gap-default\">\n\t\t\t\t\t<div class=\"elementor-column elementor-col-100 elementor-top-column elementor-element elementor-element-1dcdeeca\" data-id=\"1dcdeeca\" data-element_type=\"column\" data-e-type=\"column\">\n\t\t\t<div class=\"elementor-widget-wrap elementor-element-populated\">\n\t\t\t\t\t\t<div class=\"elementor-element elementor-element-4f3a1a13 elementor-widget elementor-widget-text-editor\" data-id=\"4f3a1a13\" data-element_type=\"widget\" data-e-type=\"widget\" data-widget_type=\"text-editor.default\">\n\t\t\t\t<div class=\"elementor-widget-container\">\n\t\t\t\t\t\t\t\t\t\n<p><\/p>\n\n\n\n<p>Con la presencia de la Gobernadora, Arabela Carreras, y el intendente de Viedma, Pedro Pesatti, se adjudicaron hoy 134 lotes con servicios del nuevo barrio Carlos Larreguy de la capital provincial, a trav\u00e9s del programa R\u00edo Negro Suelo Urbano.<\/p>\n\n\n\n<p>De ese total, 35 terrenos se destinar\u00e1n a familias del gremio UOCRA y otros 99 se encuentran en regularizaci\u00f3n. La obra de ejecuci\u00f3n de los servicios en el sector lleva un 29% de avance y demanda una inversi\u00f3n provincial que supera los $56.000.000.<\/p>\n\n\n\n<p>El programa R\u00edo Negro Suelo Urbano es gestionado por el Gobierno Provincial, y tiene como objetivo reducir el d\u00e9ficit habitacional mediante una pol\u00edtica p\u00fablica que prev\u00e9 un trabajo articulado entre mutuales, cooperativas, Municipios, instituciones y sindicatos, entre otros.<\/p>\n\n\n\n<p>Al respecto, la Gobernadora Carreras coment\u00f3 que esta es una de las pol\u00edticas p\u00fablicas \u201cm\u00e1s importantes\u201d del Gobierno de la Provincia, en conjunto con los Gobiernos Municipales. \u201cEs emblem\u00e1tica y habla de entender cu\u00e1l es el anhelo y la necesidad m\u00e1s grande que tiene nuestro pueblo, y trabajar todos juntos m\u00e1s all\u00e1 de las diferencias pol\u00edticas\u201d, dijo.<\/p>\n\n\n\n<p>La Mandataria explic\u00f3 que \u201ceste proceso adquiere sentido cuando nos encontramos cara a cara y vemos a las familias que empiezan a proyectar una etapa diferente en su vida\u201d, y les dese\u00f3 \u201ctoda la felicidad, porque para eso trabajamos, y para eso se crea este nuevo barrio, con el orgullo de aquellos que ser\u00e1n sus primero pobladores\u201d.<\/p>\n\n\n\n<p>Actualmente, este programa tiene obras en marcha por m\u00e1s de $187.500.000. Adem\u00e1s de los trabajos en el barrio Carlos Larreguy (conocido tambi\u00e9n como Los Eucaliptos 2) de Viedma, se est\u00e1 dotando de servicios a 193 lotes del barrio El Espejo 1 de Cipolletti (21% de avance) y otros 107 del Barazzutti de Villa Regina (56% de avance).<\/p>\n\n\n\n<p>Adem\u00e1s, en los pr\u00f3ximos d\u00edas se iniciar\u00e1n trabajos similares en 36 lotes de Valcheta, 333 de Fern\u00e1ndez Oro y 168 de San Antonio Oeste. Estas obras ya est\u00e1n adjudicadas y suman una inversi\u00f3n superior a los $140.600.000.<\/p>\n\n\n\n<p>Acompa\u00f1aron la jornada los ministros de Gobierno y Comunidad, Rodrigo Buteler; de Desarrollo Humano y Articulaci\u00f3n Solidaria, Natalia Reynoso y de Econom\u00eda, Luis Vaisberg; el secretario general, Jos\u00e9 Mar\u00eda Apud, y el jefe de Gabinete de la Municipalidad local, Marcos Castro.<\/p>\n\n\n\n<p>Tambi\u00e9n estuvieron presentes la interventora del IPPV, In\u00e9s P\u00e9rez Raventos; el secretario general de Gobierno, Agust\u00edn R\u00edos; los legisladores Marcelo Szczygol y Graciela Valdebenito; la defensora del pueblo de la Municipalidad, Nora Cader, y dem\u00e1s autoridades provinciales y municipales.<\/p>\n\n\n\n<figure class=\"wp-block-gallery has-nested-images columns-default is-cropped wp-block-gallery-2 is-layout-flex wp-block-gallery-is-layout-flex\">\n<figure class=\"wp-block-image size-large\"><img fetchpriority=\"high\" decoding=\"async\" width=\"1024\" height=\"682\" data-id=\"19179\" src=\"https:\/\/www.elpolitologoyelpolitico.com.ar\/wp-content\/uploads\/2022\/04\/IMG-20220411-WA0045-1024x682.jpg\" alt=\"\" class=\"wp-image-19179\" srcset=\"https:\/\/www.elpolitologoyelpolitico.com.ar\/wp-content\/uploads\/2022\/04\/IMG-20220411-WA0045-1024x682.jpg 1024w, https:\/\/www.elpolitologoyelpolitico.com.ar\/wp-content\/uploads\/2022\/04\/IMG-20220411-WA0045-300x200.jpg 300w, https:\/\/www.elpolitologoyelpolitico.com.ar\/wp-content\/uploads\/2022\/04\/IMG-20220411-WA0045-768x512.jpg 768w, https:\/\/www.elpolitologoyelpolitico.com.ar\/wp-content\/uploads\/2022\/04\/IMG-20220411-WA0045.jpg 1280w\" sizes=\"(max-width: 1024px) 100vw, 1024px\" \/><\/figure>\n\n\n\n<figure class=\"wp-block-image size-large\"><img decoding=\"async\" width=\"1024\" height=\"682\" data-id=\"19180\" src=\"https:\/\/www.elpolitologoyelpolitico.com.ar\/wp-content\/uploads\/2022\/04\/IMG-20220411-WA0046-1024x682.jpg\" alt=\"\" class=\"wp-image-19180\" srcset=\"https:\/\/www.elpolitologoyelpolitico.com.ar\/wp-content\/uploads\/2022\/04\/IMG-20220411-WA0046-1024x682.jpg 1024w, https:\/\/www.elpolitologoyelpolitico.com.ar\/wp-content\/uploads\/2022\/04\/IMG-20220411-WA0046-300x200.jpg 300w, https:\/\/www.elpolitologoyelpolitico.com.ar\/wp-content\/uploads\/2022\/04\/IMG-20220411-WA0046-768x512.jpg 768w, https:\/\/www.elpolitologoyelpolitico.com.ar\/wp-content\/uploads\/2022\/04\/IMG-20220411-WA0046.jpg 1280w\" sizes=\"(max-width: 1024px) 100vw, 1024px\" \/><\/figure>\n<\/figure>\n\t\t\t\t\t\t\t\t<\/div>\n\t\t\t\t<\/div>\n\t\t\t\t\t<\/div>\n\t\t<\/div>\n\t\t\t\t\t<\/div>\n\t\t<\/section>\n\t\t\t\t<\/div>\n\t\t<div class=\"fb-background-color\">\n\t\t\t  <div \n\t\t\t  \tclass = \"fb-comments\" \n\t\t\t  \tdata-href = \"https:\/\/www.elpolitologoyelpolitico.com.ar\/wordpress\/2022\/04\/12\/suelo-urbano-se-adjudicaron-134-lotes-en-viedma\/\"\n\t\t\t  \tdata-numposts = \"10\"\n\t\t\t  \tdata-lazy = \"true\"\n\t\t\t\tdata-colorscheme = \"light\"\n\t\t\t\tdata-order-by = \"social\"\n\t\t\t\tdata-mobile=true>\n\t\t\t  <\/div><\/div>\n\t\t  <style>\n\t\t    .fb-background-color {\n\t\t\t\tbackground: #ffffff !important;\n\t\t\t}\n\t\t\t.fb_iframe_widget_fluid_desktop iframe {\n\t\t\t    width: 100% !important;\n\t\t\t}\n\t\t  <\/style>\n\t\t  ","protected":false},"excerpt":{"rendered":"<p>Con la presencia de la Gobernadora, Arabela Carreras, y el intendente de Viedma, Pedro Pesatti, se adjudicaron hoy 134 lotes con servicios del nuevo barrio Carlos Larreguy de la capital provincial, a trav\u00e9s del programa R\u00edo Negro Suelo Urbano. De ese total, 35 terrenos se destinar\u00e1n a familias del gremio UOCRA y otros 99 se [&hellip;]<\/p>\n","protected":false},"author":4,"featured_media":19178,"comment_status":"closed","ping_status":"closed","sticky":false,"template":"","format":"standard","meta":{"_joinchat":[],"footnotes":""},"categories":[1],"tags":[],"class_list":["post-19177","post","type-post","status-publish","format-standard","has-post-thumbnail","hentry","category-universitario"],"_links":{"self":[{"href":"https:\/\/www.elpolitologoyelpolitico.com.ar\/wordpress\/wp-json\/wp\/v2\/posts\/19177","targetHints":{"allow":["GET"]}}],"collection":[{"href":"https:\/\/www.elpolitologoyelpolitico.com.ar\/wordpress\/wp-json\/wp\/v2\/posts"}],"about":[{"href":"https:\/\/www.elpolitologoyelpolitico.com.ar\/wordpress\/wp-json\/wp\/v2\/types\/post"}],"author":[{"embeddable":true,"href":"https:\/\/www.elpolitologoyelpolitico.com.ar\/wordpress\/wp-json\/wp\/v2\/users\/4"}],"replies":[{"embeddable":true,"href":"https:\/\/www.elpolitologoyelpolitico.com.ar\/wordpress\/wp-json\/wp\/v2\/comments?post=19177"}],"version-history":[{"count":0,"href":"https:\/\/www.elpolitologoyelpolitico.com.ar\/wordpress\/wp-json\/wp\/v2\/posts\/19177\/revisions"}],"wp:featuredmedia":[{"embeddable":true,"href":"https:\/\/www.elpolitologoyelpolitico.com.ar\/wordpress\/wp-json\/wp\/v2\/media\/19178"}],"wp:attachment":[{"href":"https:\/\/www.elpolitologoyelpolitico.com.ar\/wordpress\/wp-json\/wp\/v2\/media?parent=19177"}],"wp:term":[{"taxonomy":"category","embeddable":true,"href":"https:\/\/www.elpolitologoyelpolitico.com.ar\/wordpress\/wp-json\/wp\/v2\/categories?post=19177"},{"taxonomy":"post_tag","embeddable":true,"href":"https:\/\/www.elpolitologoyelpolitico.com.ar\/wordpress\/wp-json\/wp\/v2\/tags?post=19177"}],"curies":[{"name":"wp","href":"https:\/\/api.w.org\/{rel}","templated":true}]}}