{"id":18573,"date":"2022-04-01T14:13:29","date_gmt":"2022-04-01T14:13:29","guid":{"rendered":"https:\/\/www.elpolitologoyelpolitico.com.ar\/wordpress\/?p=18573"},"modified":"2022-04-01T14:14:17","modified_gmt":"2022-04-01T14:14:17","slug":"gestiones-para-el-albergue-del-cept-n-23-de-igarzabal","status":"publish","type":"post","link":"https:\/\/www.elpolitologoyelpolitico.com.ar\/wordpress\/2022\/04\/01\/gestiones-para-el-albergue-del-cept-n-23-de-igarzabal\/","title":{"rendered":"Gestiones para el albergue del CEPT N 23 de Igarz\u00e1bal."},"content":{"rendered":"\t\t<div data-elementor-type=\"wp-post\" data-elementor-id=\"18573\" class=\"elementor elementor-18573\">\n\t\t\t\t\t\t<section class=\"elementor-section elementor-top-section elementor-element elementor-element-1a33800e elementor-section-boxed elementor-section-height-default elementor-section-height-default\" data-id=\"1a33800e\" data-element_type=\"section\" data-e-type=\"section\">\n\t\t\t\t\t\t<div class=\"elementor-container elementor-column-gap-default\">\n\t\t\t\t\t<div class=\"elementor-column elementor-col-100 elementor-top-column elementor-element elementor-element-9068a34\" data-id=\"9068a34\" data-element_type=\"column\" data-e-type=\"column\">\n\t\t\t<div class=\"elementor-widget-wrap elementor-element-populated\">\n\t\t\t\t\t\t<div class=\"elementor-element elementor-element-32bb9419 elementor-widget elementor-widget-text-editor\" data-id=\"32bb9419\" data-element_type=\"widget\" data-e-type=\"widget\" data-widget_type=\"text-editor.default\">\n\t\t\t\t<div class=\"elementor-widget-container\">\n\t\t\t\t\t\t\t\t\t\n<p><\/p>\n\n\n\n<p>Los concejales del Frente de Todos&nbsp; se reunieron con el Subsecretario de Infraestructura Escolar de la provincia, ingeniero Ariel Lambezat.&nbsp;<\/p>\n\n\n\n<p>En la reuni\u00f3n resaltaron&nbsp; la necesidad de realizar la obra del albergue en el CEPT N\u00ba 23 de Igarz\u00e1bal.<\/p>\n\n\n\n<p>Los concejales&nbsp;&nbsp; fortalecieron las gestiones que ya est\u00e1 haciendo infraestructura escolar en el territorio.<\/p>\n\n\n\n<p>El subsecretario se comprometi\u00f3 a avanzar en la concreci\u00f3n de esta obra tan anhelada por la comunidad educativa.&nbsp;<\/p>\n\n\n\n<p>Hay que recordar que el CEPT de Igarz\u00e1bal es una instituci\u00f3n que involucra a todo el \u00e1mbito rural del Partido de Patagones, ya que es la \u00fanica oferta de estas caracter\u00edsticas.<\/p>\n\t\t\t\t\t\t\t\t<\/div>\n\t\t\t\t<\/div>\n\t\t\t\t\t<\/div>\n\t\t<\/div>\n\t\t\t\t\t<\/div>\n\t\t<\/section>\n\t\t\t\t<\/div>\n\t\t<div class=\"fb-background-color\">\n\t\t\t  <div \n\t\t\t  \tclass = \"fb-comments\" \n\t\t\t  \tdata-href = \"https:\/\/www.elpolitologoyelpolitico.com.ar\/wordpress\/2022\/04\/01\/gestiones-para-el-albergue-del-cept-n-23-de-igarzabal\/\"\n\t\t\t  \tdata-numposts = \"10\"\n\t\t\t  \tdata-lazy = \"true\"\n\t\t\t\tdata-colorscheme = \"light\"\n\t\t\t\tdata-order-by = \"social\"\n\t\t\t\tdata-mobile=true>\n\t\t\t  <\/div><\/div>\n\t\t  <style>\n\t\t    .fb-background-color {\n\t\t\t\tbackground: #ffffff !important;\n\t\t\t}\n\t\t\t.fb_iframe_widget_fluid_desktop iframe {\n\t\t\t    width: 100% !important;\n\t\t\t}\n\t\t  <\/style>\n\t\t  ","protected":false},"excerpt":{"rendered":"<p>Los concejales del Frente de Todos&nbsp; se reunieron con el Subsecretario de Infraestructura Escolar de la provincia, ingeniero Ariel Lambezat.&nbsp; En la reuni\u00f3n resaltaron&nbsp; la necesidad de realizar la obra del albergue en el CEPT N\u00ba 23 de Igarz\u00e1bal. Los concejales&nbsp;&nbsp; fortalecieron las gestiones que ya est\u00e1 haciendo infraestructura escolar en el territorio. El subsecretario [&hellip;]<\/p>\n","protected":false},"author":4,"featured_media":18574,"comment_status":"closed","ping_status":"closed","sticky":false,"template":"","format":"standard","meta":{"_joinchat":[],"footnotes":""},"categories":[4],"tags":[],"class_list":["post-18573","post","type-post","status-publish","format-standard","has-post-thumbnail","hentry","category-politicas-publicas"],"_links":{"self":[{"href":"https:\/\/www.elpolitologoyelpolitico.com.ar\/wordpress\/wp-json\/wp\/v2\/posts\/18573","targetHints":{"allow":["GET"]}}],"collection":[{"href":"https:\/\/www.elpolitologoyelpolitico.com.ar\/wordpress\/wp-json\/wp\/v2\/posts"}],"about":[{"href":"https:\/\/www.elpolitologoyelpolitico.com.ar\/wordpress\/wp-json\/wp\/v2\/types\/post"}],"author":[{"embeddable":true,"href":"https:\/\/www.elpolitologoyelpolitico.com.ar\/wordpress\/wp-json\/wp\/v2\/users\/4"}],"replies":[{"embeddable":true,"href":"https:\/\/www.elpolitologoyelpolitico.com.ar\/wordpress\/wp-json\/wp\/v2\/comments?post=18573"}],"version-history":[{"count":0,"href":"https:\/\/www.elpolitologoyelpolitico.com.ar\/wordpress\/wp-json\/wp\/v2\/posts\/18573\/revisions"}],"wp:featuredmedia":[{"embeddable":true,"href":"https:\/\/www.elpolitologoyelpolitico.com.ar\/wordpress\/wp-json\/wp\/v2\/media\/18574"}],"wp:attachment":[{"href":"https:\/\/www.elpolitologoyelpolitico.com.ar\/wordpress\/wp-json\/wp\/v2\/media?parent=18573"}],"wp:term":[{"taxonomy":"category","embeddable":true,"href":"https:\/\/www.elpolitologoyelpolitico.com.ar\/wordpress\/wp-json\/wp\/v2\/categories?post=18573"},{"taxonomy":"post_tag","embeddable":true,"href":"https:\/\/www.elpolitologoyelpolitico.com.ar\/wordpress\/wp-json\/wp\/v2\/tags?post=18573"}],"curies":[{"name":"wp","href":"https:\/\/api.w.org\/{rel}","templated":true}]}}