{"id":18566,"date":"2022-04-01T13:12:49","date_gmt":"2022-04-01T13:12:49","guid":{"rendered":"https:\/\/www.elpolitologoyelpolitico.com.ar\/wordpress\/?p=18566"},"modified":"2022-04-01T13:13:33","modified_gmt":"2022-04-01T13:13:33","slug":"se-licito-la-obra-de-rehabilitacion-de-la-toma-de-agua-potable-para-carmen-de-patagones","status":"publish","type":"post","link":"https:\/\/www.elpolitologoyelpolitico.com.ar\/wordpress\/2022\/04\/01\/se-licito-la-obra-de-rehabilitacion-de-la-toma-de-agua-potable-para-carmen-de-patagones\/","title":{"rendered":"Se licit\u00f3 la obra de rehabilitaci\u00f3n de la toma de agua potable para Carmen de Patagones\u00a0"},"content":{"rendered":"\t\t<div data-elementor-type=\"wp-post\" data-elementor-id=\"18566\" class=\"elementor elementor-18566\">\n\t\t\t\t\t\t<section class=\"elementor-section elementor-top-section elementor-element elementor-element-610bb621 elementor-section-boxed elementor-section-height-default elementor-section-height-default\" data-id=\"610bb621\" data-element_type=\"section\" data-e-type=\"section\">\n\t\t\t\t\t\t<div class=\"elementor-container elementor-column-gap-default\">\n\t\t\t\t\t<div class=\"elementor-column elementor-col-100 elementor-top-column elementor-element elementor-element-590509b8\" data-id=\"590509b8\" data-element_type=\"column\" data-e-type=\"column\">\n\t\t\t<div class=\"elementor-widget-wrap elementor-element-populated\">\n\t\t\t\t\t\t<div class=\"elementor-element elementor-element-4c402088 elementor-widget elementor-widget-text-editor\" data-id=\"4c402088\" data-element_type=\"widget\" data-e-type=\"widget\" data-widget_type=\"text-editor.default\">\n\t\t\t\t<div class=\"elementor-widget-container\">\n\t\t\t\t\t\t\t\t\t\n<p><\/p>\n\n\n\n<p>El Gobierno de la Provincia, a trav\u00e9s de la Subsecretar\u00eda de Recursos H\u00eddricos del Ministerio de Infraestructura y Servicios P\u00fablicos, licit\u00f3 las obras para la&nbsp; \u201cRehabilitaci\u00f3n de toma de agua potable en Carmen de Patagones\u201d,&nbsp; por un monto de $ 75.714.139&nbsp; y un plazo de ejecuci\u00f3n de&nbsp; 365 d\u00edas&nbsp; , la obra tiene por objeto dotar a la comunidad de un caudal mayor, mediante la toma de agua a realizarse en el R\u00edo Negro, de manera de producir un aumento en los caudales otorgados a la planta potabilizadora de la localidad, beneficiando a la totalidad de la poblaci\u00f3n que ronda aproximadamente los 20 mil habitantes.<\/p>\n\n\n\n<p>Al respecto, el subsecretario de Recursos H\u00eddricos, Guillermo Jelinski, expres\u00f3: \u201cSeguimos avanzando en las obras que nos ha encomendado el&nbsp; Gobernador cumpliendo en llegar con los servicios a todas las localidades de la provincia\u201d&nbsp;<\/p>\n\n\n\n<p>Adem\u00e1s estuvieron presentes concejales del Frente de Todos de Patagones, el jefe de gabinete de la Subsecretar\u00eda de Recursos H\u00eddricos, Javier Trezza, el director provincial de Agua y Cloacas (DIPAC), Sergio Benet, el director de Saneamiento Rural, Adri\u00e1n Merlo.<\/p>\n\t\t\t\t\t\t\t\t<\/div>\n\t\t\t\t<\/div>\n\t\t\t\t\t<\/div>\n\t\t<\/div>\n\t\t\t\t\t<\/div>\n\t\t<\/section>\n\t\t\t\t<\/div>\n\t\t<div class=\"fb-background-color\">\n\t\t\t  <div \n\t\t\t  \tclass = \"fb-comments\" \n\t\t\t  \tdata-href = \"https:\/\/www.elpolitologoyelpolitico.com.ar\/wordpress\/2022\/04\/01\/se-licito-la-obra-de-rehabilitacion-de-la-toma-de-agua-potable-para-carmen-de-patagones\/\"\n\t\t\t  \tdata-numposts = \"10\"\n\t\t\t  \tdata-lazy = \"true\"\n\t\t\t\tdata-colorscheme = \"light\"\n\t\t\t\tdata-order-by = \"social\"\n\t\t\t\tdata-mobile=true>\n\t\t\t  <\/div><\/div>\n\t\t  <style>\n\t\t    .fb-background-color {\n\t\t\t\tbackground: #ffffff !important;\n\t\t\t}\n\t\t\t.fb_iframe_widget_fluid_desktop iframe {\n\t\t\t    width: 100% !important;\n\t\t\t}\n\t\t  <\/style>\n\t\t  ","protected":false},"excerpt":{"rendered":"<p>El Gobierno de la Provincia, a trav\u00e9s de la Subsecretar\u00eda de Recursos H\u00eddricos del Ministerio de Infraestructura y Servicios P\u00fablicos, licit\u00f3 las obras para la&nbsp; \u201cRehabilitaci\u00f3n de toma de agua potable en Carmen de Patagones\u201d,&nbsp; por un monto de $ 75.714.139&nbsp; y un plazo de ejecuci\u00f3n de&nbsp; 365 d\u00edas&nbsp; , la obra tiene por objeto [&hellip;]<\/p>\n","protected":false},"author":4,"featured_media":18568,"comment_status":"closed","ping_status":"closed","sticky":false,"template":"","format":"standard","meta":{"_joinchat":[],"footnotes":""},"categories":[4],"tags":[],"class_list":["post-18566","post","type-post","status-publish","format-standard","has-post-thumbnail","hentry","category-politicas-publicas"],"_links":{"self":[{"href":"https:\/\/www.elpolitologoyelpolitico.com.ar\/wordpress\/wp-json\/wp\/v2\/posts\/18566","targetHints":{"allow":["GET"]}}],"collection":[{"href":"https:\/\/www.elpolitologoyelpolitico.com.ar\/wordpress\/wp-json\/wp\/v2\/posts"}],"about":[{"href":"https:\/\/www.elpolitologoyelpolitico.com.ar\/wordpress\/wp-json\/wp\/v2\/types\/post"}],"author":[{"embeddable":true,"href":"https:\/\/www.elpolitologoyelpolitico.com.ar\/wordpress\/wp-json\/wp\/v2\/users\/4"}],"replies":[{"embeddable":true,"href":"https:\/\/www.elpolitologoyelpolitico.com.ar\/wordpress\/wp-json\/wp\/v2\/comments?post=18566"}],"version-history":[{"count":0,"href":"https:\/\/www.elpolitologoyelpolitico.com.ar\/wordpress\/wp-json\/wp\/v2\/posts\/18566\/revisions"}],"wp:featuredmedia":[{"embeddable":true,"href":"https:\/\/www.elpolitologoyelpolitico.com.ar\/wordpress\/wp-json\/wp\/v2\/media\/18568"}],"wp:attachment":[{"href":"https:\/\/www.elpolitologoyelpolitico.com.ar\/wordpress\/wp-json\/wp\/v2\/media?parent=18566"}],"wp:term":[{"taxonomy":"category","embeddable":true,"href":"https:\/\/www.elpolitologoyelpolitico.com.ar\/wordpress\/wp-json\/wp\/v2\/categories?post=18566"},{"taxonomy":"post_tag","embeddable":true,"href":"https:\/\/www.elpolitologoyelpolitico.com.ar\/wordpress\/wp-json\/wp\/v2\/tags?post=18566"}],"curies":[{"name":"wp","href":"https:\/\/api.w.org\/{rel}","templated":true}]}}