{"id":18549,"date":"2022-04-01T02:55:21","date_gmt":"2022-04-01T02:55:21","guid":{"rendered":"https:\/\/www.elpolitologoyelpolitico.com.ar\/wordpress\/?p=18549"},"modified":"2022-04-01T02:56:13","modified_gmt":"2022-04-01T02:56:13","slug":"la-delegacion-rionegrina-brillo-en-el-segundo-dia-de-competencia-de-los-juegos-nacionales-evita-de-playa","status":"publish","type":"post","link":"https:\/\/www.elpolitologoyelpolitico.com.ar\/wordpress\/2022\/04\/01\/la-delegacion-rionegrina-brillo-en-el-segundo-dia-de-competencia-de-los-juegos-nacionales-evita-de-playa\/","title":{"rendered":"La delegaci\u00f3n rionegrina brill\u00f3 en el segundo d\u00eda de competencia de los Juegos Nacionales Evita de Playa"},"content":{"rendered":"\t\t<div data-elementor-type=\"wp-post\" data-elementor-id=\"18549\" class=\"elementor elementor-18549\">\n\t\t\t\t\t\t<section class=\"elementor-section elementor-top-section elementor-element elementor-element-5bd3d2c8 elementor-section-boxed elementor-section-height-default elementor-section-height-default\" data-id=\"5bd3d2c8\" data-element_type=\"section\" data-e-type=\"section\">\n\t\t\t\t\t\t<div class=\"elementor-container elementor-column-gap-default\">\n\t\t\t\t\t<div class=\"elementor-column elementor-col-100 elementor-top-column elementor-element elementor-element-3e3cd7f3\" data-id=\"3e3cd7f3\" data-element_type=\"column\" data-e-type=\"column\">\n\t\t\t<div class=\"elementor-widget-wrap elementor-element-populated\">\n\t\t\t\t\t\t<div class=\"elementor-element elementor-element-1900e738 elementor-widget elementor-widget-text-editor\" data-id=\"1900e738\" data-element_type=\"widget\" data-e-type=\"widget\" data-widget_type=\"text-editor.default\">\n\t\t\t\t<div class=\"elementor-widget-container\">\n\t\t\t\t\t\t\t\t\t\n<p><\/p>\n\n\n\n<p>Este mi\u00e9rcoles las y los deportistas de la provincia dieron muestra de sus habilidades y se llevaron la victoria en todos los partidos que disputaron dentro de las disciplinas de beach voley, handball y f\u00fatbol playa.<\/p>\n\n\n\n<p>Una de las actuaciones m\u00e1s destacadas fue la de la dupla masculina de beach v\u00f3ley que venci\u00f3 a Chubut por 2 a 0 y a Mendoza por 2 a 0 y de esta manera meterse en la instancia de semifinales del certamen.<\/p>\n\n\n\n<p>En este sentido, Ger\u00f3nimo Vincent, uno de los integrantes del duplo afirm\u00f3 que \u00abes la primera vez que jugamos un torneo nacional con mi compa\u00f1ero y tratamos de entregar nuestro m\u00e1ximo potencial. Adem\u00e1s a\u00f1adi\u00f3 que \u00abnuestro objetivo era quedar entre los diez mejores pero estar dentro de los cuatro es un golazo\u00bb.<\/p>\n\n\n\n<p>Finalmente sostuvo que \u00ablos Juegos son una experiencia inolvidable, invito a todos los deportistas a pelear por estar ac\u00e1 representando a R\u00edo Negro y agreg\u00f3 que \u00abla vida a veces puede dar sorpresas\u00bb.<\/p>\n\n\n\n<p>Por otra parte las damas tambi\u00e9n sumaron dos victorias al imponerse ante Santa Cruz y La Pampa en sets corridos por 2 a 0 en ambas disputas, dejando como saldo una gran expectativa para los encuentros restantes.<\/p>\n\n\n\n<p>En f\u00fatbol playa los varones le ganaron a Tucum\u00e1n por 4 a 3, mientras que las chicas vencieron a Santa Cruz por 10 a 1 para pasar a cuartos de final, tras demostrar un gran desempe\u00f1o t\u00e1ctico hasta el \u00faltimo minuto.<\/p>\n\n\n\n<p>Los seleccionados de beach handball, mientras tanto, tambi\u00e9n pasaron a cuartos de final. En el caso de las damas llegaron a esta instancia tras vencer al plantel de Tierra del Fuego por 2 a 0 y los varones al hacer lo propio frente a Chaco.<\/p>\n\n\n\n<p>De esta manera R\u00edo Negro cerr\u00f3 un exitoso segundo d\u00eda de competencia d\u00f3nde gan\u00f3 todo lo que le toc\u00f3 disputar, posicion\u00e1ndose como una de las delegaciones fuertes de la competencia nacional.<\/p>\n\n\n\n<figure class=\"wp-block-gallery has-nested-images columns-default is-cropped wp-block-gallery-2 is-layout-flex wp-block-gallery-is-layout-flex\">\n<figure class=\"wp-block-image size-large\"><img fetchpriority=\"high\" decoding=\"async\" width=\"960\" height=\"640\" data-id=\"18551\" src=\"https:\/\/www.elpolitologoyelpolitico.com.ar\/wp-content\/uploads\/2022\/04\/IMG-20220331-WA0044.jpg\" alt=\"\" class=\"wp-image-18551\" srcset=\"https:\/\/www.elpolitologoyelpolitico.com.ar\/wp-content\/uploads\/2022\/04\/IMG-20220331-WA0044.jpg 960w, https:\/\/www.elpolitologoyelpolitico.com.ar\/wp-content\/uploads\/2022\/04\/IMG-20220331-WA0044-300x200.jpg 300w, https:\/\/www.elpolitologoyelpolitico.com.ar\/wp-content\/uploads\/2022\/04\/IMG-20220331-WA0044-768x512.jpg 768w\" sizes=\"(max-width: 960px) 100vw, 960px\" \/><\/figure>\n\n\n\n<figure class=\"wp-block-image size-large\"><img decoding=\"async\" width=\"1024\" height=\"683\" data-id=\"18552\" src=\"https:\/\/www.elpolitologoyelpolitico.com.ar\/wp-content\/uploads\/2022\/04\/IMG-20220331-WA0045-1024x683.jpg\" alt=\"\" class=\"wp-image-18552\" srcset=\"https:\/\/www.elpolitologoyelpolitico.com.ar\/wp-content\/uploads\/2022\/04\/IMG-20220331-WA0045-1024x683.jpg 1024w, https:\/\/www.elpolitologoyelpolitico.com.ar\/wp-content\/uploads\/2022\/04\/IMG-20220331-WA0045-300x200.jpg 300w, https:\/\/www.elpolitologoyelpolitico.com.ar\/wp-content\/uploads\/2022\/04\/IMG-20220331-WA0045-768x512.jpg 768w, https:\/\/www.elpolitologoyelpolitico.com.ar\/wp-content\/uploads\/2022\/04\/IMG-20220331-WA0045.jpg 1080w\" sizes=\"(max-width: 1024px) 100vw, 1024px\" \/><\/figure>\n<\/figure>\n\t\t\t\t\t\t\t\t<\/div>\n\t\t\t\t<\/div>\n\t\t\t\t\t<\/div>\n\t\t<\/div>\n\t\t\t\t\t<\/div>\n\t\t<\/section>\n\t\t\t\t<\/div>\n\t\t<div class=\"fb-background-color\">\n\t\t\t  <div \n\t\t\t  \tclass = \"fb-comments\" \n\t\t\t  \tdata-href = \"https:\/\/www.elpolitologoyelpolitico.com.ar\/wordpress\/2022\/04\/01\/la-delegacion-rionegrina-brillo-en-el-segundo-dia-de-competencia-de-los-juegos-nacionales-evita-de-playa\/\"\n\t\t\t  \tdata-numposts = \"10\"\n\t\t\t  \tdata-lazy = \"true\"\n\t\t\t\tdata-colorscheme = \"light\"\n\t\t\t\tdata-order-by = \"social\"\n\t\t\t\tdata-mobile=true>\n\t\t\t  <\/div><\/div>\n\t\t  <style>\n\t\t    .fb-background-color {\n\t\t\t\tbackground: #ffffff !important;\n\t\t\t}\n\t\t\t.fb_iframe_widget_fluid_desktop iframe {\n\t\t\t    width: 100% !important;\n\t\t\t}\n\t\t  <\/style>\n\t\t  ","protected":false},"excerpt":{"rendered":"<p>Este mi\u00e9rcoles las y los deportistas de la provincia dieron muestra de sus habilidades y se llevaron la victoria en todos los partidos que disputaron dentro de las disciplinas de beach voley, handball y f\u00fatbol playa. Una de las actuaciones m\u00e1s destacadas fue la de la dupla masculina de beach v\u00f3ley que venci\u00f3 a Chubut [&hellip;]<\/p>\n","protected":false},"author":4,"featured_media":18550,"comment_status":"closed","ping_status":"closed","sticky":false,"template":"","format":"standard","meta":{"_joinchat":[],"footnotes":""},"categories":[39],"tags":[],"class_list":["post-18549","post","type-post","status-publish","format-standard","has-post-thumbnail","hentry","category-en-esta-seccion"],"_links":{"self":[{"href":"https:\/\/www.elpolitologoyelpolitico.com.ar\/wordpress\/wp-json\/wp\/v2\/posts\/18549","targetHints":{"allow":["GET"]}}],"collection":[{"href":"https:\/\/www.elpolitologoyelpolitico.com.ar\/wordpress\/wp-json\/wp\/v2\/posts"}],"about":[{"href":"https:\/\/www.elpolitologoyelpolitico.com.ar\/wordpress\/wp-json\/wp\/v2\/types\/post"}],"author":[{"embeddable":true,"href":"https:\/\/www.elpolitologoyelpolitico.com.ar\/wordpress\/wp-json\/wp\/v2\/users\/4"}],"replies":[{"embeddable":true,"href":"https:\/\/www.elpolitologoyelpolitico.com.ar\/wordpress\/wp-json\/wp\/v2\/comments?post=18549"}],"version-history":[{"count":0,"href":"https:\/\/www.elpolitologoyelpolitico.com.ar\/wordpress\/wp-json\/wp\/v2\/posts\/18549\/revisions"}],"wp:featuredmedia":[{"embeddable":true,"href":"https:\/\/www.elpolitologoyelpolitico.com.ar\/wordpress\/wp-json\/wp\/v2\/media\/18550"}],"wp:attachment":[{"href":"https:\/\/www.elpolitologoyelpolitico.com.ar\/wordpress\/wp-json\/wp\/v2\/media?parent=18549"}],"wp:term":[{"taxonomy":"category","embeddable":true,"href":"https:\/\/www.elpolitologoyelpolitico.com.ar\/wordpress\/wp-json\/wp\/v2\/categories?post=18549"},{"taxonomy":"post_tag","embeddable":true,"href":"https:\/\/www.elpolitologoyelpolitico.com.ar\/wordpress\/wp-json\/wp\/v2\/tags?post=18549"}],"curies":[{"name":"wp","href":"https:\/\/api.w.org\/{rel}","templated":true}]}}