{"id":18542,"date":"2022-04-01T02:43:13","date_gmt":"2022-04-01T02:43:13","guid":{"rendered":"https:\/\/www.elpolitologoyelpolitico.com.ar\/wordpress\/?p=18542"},"modified":"2022-04-01T02:44:24","modified_gmt":"2022-04-01T02:44:24","slug":"malvinas-40-anos-multiples-actividades-conmemorativas-en-el-condor","status":"publish","type":"post","link":"https:\/\/www.elpolitologoyelpolitico.com.ar\/wordpress\/2022\/04\/01\/malvinas-40-anos-multiples-actividades-conmemorativas-en-el-condor\/","title":{"rendered":"Malvinas, 40 a\u00f1os: m\u00faltiples actividades conmemorativas en El C\u00f3ndor"},"content":{"rendered":"\t\t<div data-elementor-type=\"wp-post\" data-elementor-id=\"18542\" class=\"elementor elementor-18542\">\n\t\t\t\t\t\t<section class=\"elementor-section elementor-top-section elementor-element elementor-element-13316f8a elementor-section-boxed elementor-section-height-default elementor-section-height-default\" data-id=\"13316f8a\" data-element_type=\"section\" data-e-type=\"section\">\n\t\t\t\t\t\t<div class=\"elementor-container elementor-column-gap-default\">\n\t\t\t\t\t<div class=\"elementor-column elementor-col-100 elementor-top-column elementor-element elementor-element-1c8c783\" data-id=\"1c8c783\" data-element_type=\"column\" data-e-type=\"column\">\n\t\t\t<div class=\"elementor-widget-wrap elementor-element-populated\">\n\t\t\t\t\t\t<div class=\"elementor-element elementor-element-4c41e667 elementor-widget elementor-widget-text-editor\" data-id=\"4c41e667\" data-element_type=\"widget\" data-e-type=\"widget\" data-widget_type=\"text-editor.default\">\n\t\t\t\t<div class=\"elementor-widget-container\">\n\t\t\t\t\t\t\t\t\t\n<p><\/p>\n\n\n\n<p>El gobierno de Viedma invit\u00f3 a el Instituto Universitario Patag\u00f3nico de Artes (IUPA) a participar del acto central por el 40\u00b0 aniversario de la gesta de Malvinas, que se llevar\u00e1 adelante en el Memorial Malvinas del balneario El C\u00f3ndor.<\/p>\n\n\n\n<p>La actividad ser\u00e1 el s\u00e1bado 2 de abril desde las 11.30hs y contar\u00e1 con la presencia de autoridades municipales, provinciales y veteranos de Malvinas.<\/p>\n\n\n\n<p>Durante el acto conmemorativo se presentar\u00e1 \u201cLa Madre Patria\u201d, una obra de m\u00fasica y danza producida por el IUPA, protagonizada por m\u00e1s de 40 artistas de esa casa de estudios, dedicada a veteranos y ca\u00eddos en la guerra de Malvinas.<\/p>\n\n\n\n<p>El intendente Pedro Pesatti manifest\u00f3 su agradecimiento a la casa de altos estudios del alto valle, y expres\u00f3 que \u00abnuestro Memorial Malvinas, en Viedma, es el homenaje de todo el pueblo rionegrino a los ca\u00eddos en el conflicto del Atl\u00e1ntico sur, y en ese sentido es muy importante que el IUPA se integre a este homenaje como una instituci\u00f3n de gran prestigio y con presencia en toda la provincia\u00bb.<\/p>\n\n\n\n<p><strong>Vigilia<\/strong><\/p>\n\n\n\n<p>La noche del viernes 1, tambi\u00e9n en el Memorial Malvinas, se realizar\u00e1 la vigilia para esperar el 2 de abril, a cuarenta a\u00f1os del conflicto b\u00e9lico.<\/p>\n\n\n\n<p>Desde las 21hs se presentar\u00e1n artistas de la comarca con intervenciones musicales y de danza. Estar\u00e1n presentes Jorge Bustamante, Sandra Calvo, Lolo Lucero, Toly Hernandez, Luis Tarruella, grupo de Danza del balneario El C\u00f3ndor, Juan Di Dio, Mabel Le\u00f3n, Ensamble musical, Ramaciotti, Agrupaci\u00f3n del Norte del Sur y la banda de m\u00fasica de la Polic\u00eda de R\u00edo Negro.<\/p>\n\t\t\t\t\t\t\t\t<\/div>\n\t\t\t\t<\/div>\n\t\t\t\t\t<\/div>\n\t\t<\/div>\n\t\t\t\t\t<\/div>\n\t\t<\/section>\n\t\t\t\t<\/div>\n\t\t<div class=\"fb-background-color\">\n\t\t\t  <div \n\t\t\t  \tclass = \"fb-comments\" \n\t\t\t  \tdata-href = \"https:\/\/www.elpolitologoyelpolitico.com.ar\/wordpress\/2022\/04\/01\/malvinas-40-anos-multiples-actividades-conmemorativas-en-el-condor\/\"\n\t\t\t  \tdata-numposts = \"10\"\n\t\t\t  \tdata-lazy = \"true\"\n\t\t\t\tdata-colorscheme = \"light\"\n\t\t\t\tdata-order-by = \"social\"\n\t\t\t\tdata-mobile=true>\n\t\t\t  <\/div><\/div>\n\t\t  <style>\n\t\t    .fb-background-color {\n\t\t\t\tbackground: #ffffff !important;\n\t\t\t}\n\t\t\t.fb_iframe_widget_fluid_desktop iframe {\n\t\t\t    width: 100% !important;\n\t\t\t}\n\t\t  <\/style>\n\t\t  ","protected":false},"excerpt":{"rendered":"<p>El gobierno de Viedma invit\u00f3 a el Instituto Universitario Patag\u00f3nico de Artes (IUPA) a participar del acto central por el 40\u00b0 aniversario de la gesta de Malvinas, que se llevar\u00e1 adelante en el Memorial Malvinas del balneario El C\u00f3ndor. La actividad ser\u00e1 el s\u00e1bado 2 de abril desde las 11.30hs y contar\u00e1 con la presencia [&hellip;]<\/p>\n","protected":false},"author":4,"featured_media":18543,"comment_status":"closed","ping_status":"closed","sticky":false,"template":"","format":"standard","meta":{"_joinchat":[],"footnotes":""},"categories":[39],"tags":[],"class_list":["post-18542","post","type-post","status-publish","format-standard","has-post-thumbnail","hentry","category-en-esta-seccion"],"_links":{"self":[{"href":"https:\/\/www.elpolitologoyelpolitico.com.ar\/wordpress\/wp-json\/wp\/v2\/posts\/18542","targetHints":{"allow":["GET"]}}],"collection":[{"href":"https:\/\/www.elpolitologoyelpolitico.com.ar\/wordpress\/wp-json\/wp\/v2\/posts"}],"about":[{"href":"https:\/\/www.elpolitologoyelpolitico.com.ar\/wordpress\/wp-json\/wp\/v2\/types\/post"}],"author":[{"embeddable":true,"href":"https:\/\/www.elpolitologoyelpolitico.com.ar\/wordpress\/wp-json\/wp\/v2\/users\/4"}],"replies":[{"embeddable":true,"href":"https:\/\/www.elpolitologoyelpolitico.com.ar\/wordpress\/wp-json\/wp\/v2\/comments?post=18542"}],"version-history":[{"count":0,"href":"https:\/\/www.elpolitologoyelpolitico.com.ar\/wordpress\/wp-json\/wp\/v2\/posts\/18542\/revisions"}],"wp:featuredmedia":[{"embeddable":true,"href":"https:\/\/www.elpolitologoyelpolitico.com.ar\/wordpress\/wp-json\/wp\/v2\/media\/18543"}],"wp:attachment":[{"href":"https:\/\/www.elpolitologoyelpolitico.com.ar\/wordpress\/wp-json\/wp\/v2\/media?parent=18542"}],"wp:term":[{"taxonomy":"category","embeddable":true,"href":"https:\/\/www.elpolitologoyelpolitico.com.ar\/wordpress\/wp-json\/wp\/v2\/categories?post=18542"},{"taxonomy":"post_tag","embeddable":true,"href":"https:\/\/www.elpolitologoyelpolitico.com.ar\/wordpress\/wp-json\/wp\/v2\/tags?post=18542"}],"curies":[{"name":"wp","href":"https:\/\/api.w.org\/{rel}","templated":true}]}}