{"id":18526,"date":"2022-04-01T02:09:54","date_gmt":"2022-04-01T02:09:54","guid":{"rendered":"https:\/\/www.elpolitologoyelpolitico.com.ar\/wordpress\/?p=18526"},"modified":"2022-04-01T02:10:57","modified_gmt":"2022-04-01T02:10:57","slug":"zara-gestiono-beneficios-para-el-distrito-ante-distintos-organismos-nacionales","status":"publish","type":"post","link":"https:\/\/www.elpolitologoyelpolitico.com.ar\/wordpress\/2022\/04\/01\/zara-gestiono-beneficios-para-el-distrito-ante-distintos-organismos-nacionales\/","title":{"rendered":"Zara gestion\u00f3 beneficios para el Distrito ante distintos organismos nacionales"},"content":{"rendered":"\t\t<div data-elementor-type=\"wp-post\" data-elementor-id=\"18526\" class=\"elementor elementor-18526\">\n\t\t\t\t\t\t<section class=\"elementor-section elementor-top-section elementor-element elementor-element-23dab400 elementor-section-boxed elementor-section-height-default elementor-section-height-default\" data-id=\"23dab400\" data-element_type=\"section\" data-e-type=\"section\">\n\t\t\t\t\t\t<div class=\"elementor-container elementor-column-gap-default\">\n\t\t\t\t\t<div class=\"elementor-column elementor-col-100 elementor-top-column elementor-element elementor-element-2ec7ecec\" data-id=\"2ec7ecec\" data-element_type=\"column\" data-e-type=\"column\">\n\t\t\t<div class=\"elementor-widget-wrap elementor-element-populated\">\n\t\t\t\t\t\t<div class=\"elementor-element elementor-element-d005f25 elementor-widget elementor-widget-text-editor\" data-id=\"d005f25\" data-element_type=\"widget\" data-e-type=\"widget\" data-widget_type=\"text-editor.default\">\n\t\t\t\t<div class=\"elementor-widget-container\">\n\t\t\t\t\t\t\t\t\t\n<p><\/p>\n\n\n\n<p>En el marco de la agenda de gestiones que llev\u00f3 adelante ante diversos organismos nacionales, el Intendente Municipal Ing. Jos\u00e9 Luis Zara, mantuvo un encuentro con el Director Nacional de Planificaci\u00f3n y Desarrollo del Ministerio de Turismo y Deportes de la Naci\u00f3n, Sergio Castro.&nbsp;<\/p>\n\n\n\n<p>Estuvo acompa\u00f1ado por la Coordinadora de Interior y Programas P\u00fablicos, Mar\u00eda Ciccone.&nbsp;<\/p>\n\n\n\n<p>En la oportunidad, conversaron sobre fiestas populares, turismo social y experiencias argentinas con relaci\u00f3n a estos temas.&nbsp;<\/p>\n\n\n\n<p>Asimismo, el jefe comunal habl\u00f3 sobre la importancia de la Fiesta de la Soberan\u00eda Patag\u00f3nica y expuso la posibilidad de que sea declarada de inter\u00e9s nacional, teniendo en cuenta que se trata de uno de los eventos art\u00edsticos y culturales m\u00e1s importantes de la regi\u00f3n, y evoca, a\u00f1o tras a\u00f1o, el aniversario de la heroica gesta del 7 de Marzo de 1827, cuando con valor el pueblo maragato arremeti\u00f3 el imperio brasile\u00f1o en defensa de la soberan\u00eda nacional.&nbsp;<\/p>\n\n\n\n<p>En el mismo sentido, Zara se refiri\u00f3 a las bondades naturales e hist\u00f3ricas del Distrito con el objetivo de articular un trabajo conjunto con la Naci\u00f3n, para potenciar los distintos destinos tur\u00edsticos con los que cuenta Patagones.<\/p>\n\n\n\n<figure class=\"wp-block-gallery has-nested-images columns-default is-cropped wp-block-gallery-2 is-layout-flex wp-block-gallery-is-layout-flex\">\n<figure class=\"wp-block-image size-large\"><img fetchpriority=\"high\" decoding=\"async\" width=\"720\" height=\"324\" data-id=\"18529\" src=\"https:\/\/www.elpolitologoyelpolitico.com.ar\/wp-content\/uploads\/2022\/04\/IMG-20220331-WA0040.jpg\" alt=\"\" class=\"wp-image-18529\" srcset=\"https:\/\/www.elpolitologoyelpolitico.com.ar\/wp-content\/uploads\/2022\/04\/IMG-20220331-WA0040.jpg 720w, https:\/\/www.elpolitologoyelpolitico.com.ar\/wp-content\/uploads\/2022\/04\/IMG-20220331-WA0040-300x135.jpg 300w\" sizes=\"(max-width: 720px) 100vw, 720px\" \/><\/figure>\n\n\n\n<figure class=\"wp-block-image size-large\"><img decoding=\"async\" width=\"720\" height=\"324\" data-id=\"18530\" src=\"https:\/\/www.elpolitologoyelpolitico.com.ar\/wp-content\/uploads\/2022\/04\/IMG-20220331-WA0038-1.jpg\" alt=\"\" class=\"wp-image-18530\" srcset=\"https:\/\/www.elpolitologoyelpolitico.com.ar\/wp-content\/uploads\/2022\/04\/IMG-20220331-WA0038-1.jpg 720w, https:\/\/www.elpolitologoyelpolitico.com.ar\/wp-content\/uploads\/2022\/04\/IMG-20220331-WA0038-1-300x135.jpg 300w\" sizes=\"(max-width: 720px) 100vw, 720px\" \/><\/figure>\n<\/figure>\n\n\n\n<p><\/p>\n\t\t\t\t\t\t\t\t<\/div>\n\t\t\t\t<\/div>\n\t\t\t\t\t<\/div>\n\t\t<\/div>\n\t\t\t\t\t<\/div>\n\t\t<\/section>\n\t\t\t\t<\/div>\n\t\t<div class=\"fb-background-color\">\n\t\t\t  <div \n\t\t\t  \tclass = \"fb-comments\" \n\t\t\t  \tdata-href = \"https:\/\/www.elpolitologoyelpolitico.com.ar\/wordpress\/2022\/04\/01\/zara-gestiono-beneficios-para-el-distrito-ante-distintos-organismos-nacionales\/\"\n\t\t\t  \tdata-numposts = \"10\"\n\t\t\t  \tdata-lazy = \"true\"\n\t\t\t\tdata-colorscheme = \"light\"\n\t\t\t\tdata-order-by = \"social\"\n\t\t\t\tdata-mobile=true>\n\t\t\t  <\/div><\/div>\n\t\t  <style>\n\t\t    .fb-background-color {\n\t\t\t\tbackground: #ffffff !important;\n\t\t\t}\n\t\t\t.fb_iframe_widget_fluid_desktop iframe {\n\t\t\t    width: 100% !important;\n\t\t\t}\n\t\t  <\/style>\n\t\t  ","protected":false},"excerpt":{"rendered":"<p>En el marco de la agenda de gestiones que llev\u00f3 adelante ante diversos organismos nacionales, el Intendente Municipal Ing. Jos\u00e9 Luis Zara, mantuvo un encuentro con el Director Nacional de Planificaci\u00f3n y Desarrollo del Ministerio de Turismo y Deportes de la Naci\u00f3n, Sergio Castro.&nbsp; Estuvo acompa\u00f1ado por la Coordinadora de Interior y Programas P\u00fablicos, Mar\u00eda [&hellip;]<\/p>\n","protected":false},"author":4,"featured_media":18527,"comment_status":"closed","ping_status":"closed","sticky":false,"template":"","format":"standard","meta":{"_joinchat":[],"footnotes":""},"categories":[39],"tags":[],"class_list":["post-18526","post","type-post","status-publish","format-standard","has-post-thumbnail","hentry","category-en-esta-seccion"],"_links":{"self":[{"href":"https:\/\/www.elpolitologoyelpolitico.com.ar\/wordpress\/wp-json\/wp\/v2\/posts\/18526","targetHints":{"allow":["GET"]}}],"collection":[{"href":"https:\/\/www.elpolitologoyelpolitico.com.ar\/wordpress\/wp-json\/wp\/v2\/posts"}],"about":[{"href":"https:\/\/www.elpolitologoyelpolitico.com.ar\/wordpress\/wp-json\/wp\/v2\/types\/post"}],"author":[{"embeddable":true,"href":"https:\/\/www.elpolitologoyelpolitico.com.ar\/wordpress\/wp-json\/wp\/v2\/users\/4"}],"replies":[{"embeddable":true,"href":"https:\/\/www.elpolitologoyelpolitico.com.ar\/wordpress\/wp-json\/wp\/v2\/comments?post=18526"}],"version-history":[{"count":0,"href":"https:\/\/www.elpolitologoyelpolitico.com.ar\/wordpress\/wp-json\/wp\/v2\/posts\/18526\/revisions"}],"wp:featuredmedia":[{"embeddable":true,"href":"https:\/\/www.elpolitologoyelpolitico.com.ar\/wordpress\/wp-json\/wp\/v2\/media\/18527"}],"wp:attachment":[{"href":"https:\/\/www.elpolitologoyelpolitico.com.ar\/wordpress\/wp-json\/wp\/v2\/media?parent=18526"}],"wp:term":[{"taxonomy":"category","embeddable":true,"href":"https:\/\/www.elpolitologoyelpolitico.com.ar\/wordpress\/wp-json\/wp\/v2\/categories?post=18526"},{"taxonomy":"post_tag","embeddable":true,"href":"https:\/\/www.elpolitologoyelpolitico.com.ar\/wordpress\/wp-json\/wp\/v2\/tags?post=18526"}],"curies":[{"name":"wp","href":"https:\/\/api.w.org\/{rel}","templated":true}]}}