{"id":18519,"date":"2022-03-31T11:46:45","date_gmt":"2022-03-31T11:46:45","guid":{"rendered":"https:\/\/www.elpolitologoyelpolitico.com.ar\/wordpress\/?p=18519"},"modified":"2022-03-31T11:47:23","modified_gmt":"2022-03-31T11:47:23","slug":"comienzan-a-llegar-las-maquinas-de-vialidad-para-continuar-arreglando-el-camino-a-bahia-san-blas","status":"publish","type":"post","link":"https:\/\/www.elpolitologoyelpolitico.com.ar\/wordpress\/2022\/03\/31\/comienzan-a-llegar-las-maquinas-de-vialidad-para-continuar-arreglando-el-camino-a-bahia-san-blas\/","title":{"rendered":"Comienzan a llegar las m\u00e1quinas de Vialidad para continuar arreglando el camino a Bah\u00eda San Blas"},"content":{"rendered":"\t\t<div data-elementor-type=\"wp-post\" data-elementor-id=\"18519\" class=\"elementor elementor-18519\">\n\t\t\t\t\t\t<section class=\"elementor-section elementor-top-section elementor-element elementor-element-7bcd513e elementor-section-boxed elementor-section-height-default elementor-section-height-default\" data-id=\"7bcd513e\" data-element_type=\"section\" data-e-type=\"section\">\n\t\t\t\t\t\t<div class=\"elementor-container elementor-column-gap-default\">\n\t\t\t\t\t<div class=\"elementor-column elementor-col-100 elementor-top-column elementor-element elementor-element-1f1ae059\" data-id=\"1f1ae059\" data-element_type=\"column\" data-e-type=\"column\">\n\t\t\t<div class=\"elementor-widget-wrap elementor-element-populated\">\n\t\t\t\t\t\t<div class=\"elementor-element elementor-element-18c24a4f elementor-widget elementor-widget-text-editor\" data-id=\"18c24a4f\" data-element_type=\"widget\" data-e-type=\"widget\" data-widget_type=\"text-editor.default\">\n\t\t\t\t<div class=\"elementor-widget-container\">\n\t\t\t\t\t\t\t\t\t\n<p><\/p>\n\n\n\n<p>Luego de las gestiones realizadas por el Intedente Municipal, Ing. Jos\u00e9 Luis Zara, con el Goberandor de la Provincia de Buenos Aires, Axel Kicillof,&nbsp; hoy comenzaron a llegar los equipos de emergencia de Vialidad para trabajar en el camino a Bah\u00eda San Blas.<\/p>\n\n\n\n<p>Los mismos est\u00e1n conformados por camiones volcadores, motoniveladoras, casillas rodantes y retroescavadoras para continuar con los trabajos de levantamiento, compactaci\u00f3n y nivelaci\u00f3n de distintos sectores del camino a Bah\u00eda San Blas que ya ven\u00eda realizando la Municipalidad.<\/p>\n\n\n\n<p>\u00abDe acuerdo a lo conversado oportunamente con el administrador de Vialidad, Hernan Y Zurieta y despu\u00e9s de recorrer el camino en el mes de Febrero, se hab\u00edan comprometido a venir en la segunda quincena de Marzo para completar los trabajos en el camino. Por eso, agradezco\u00a0 al Gobernador, Axel Kicillof, a la Ministra de Gobierno, Cristina \u00c1lvarez Rodriguez y al Administrador de Vialidad\u00a0 Hernan Y Zurieta\u00bb, dijo Zara.<\/p>\n\n\n\n<figure class=\"wp-block-image size-full\"><img fetchpriority=\"high\" decoding=\"async\" width=\"720\" height=\"728\" src=\"https:\/\/www.elpolitologoyelpolitico.com.ar\/wp-content\/uploads\/2022\/03\/IMG-20220330-WA0085.jpg\" alt=\"\" class=\"wp-image-18521\" srcset=\"https:\/\/www.elpolitologoyelpolitico.com.ar\/wp-content\/uploads\/2022\/03\/IMG-20220330-WA0085.jpg 720w, https:\/\/www.elpolitologoyelpolitico.com.ar\/wp-content\/uploads\/2022\/03\/IMG-20220330-WA0085-297x300.jpg 297w\" sizes=\"(max-width: 720px) 100vw, 720px\" \/><\/figure>\n\t\t\t\t\t\t\t\t<\/div>\n\t\t\t\t<\/div>\n\t\t\t\t\t<\/div>\n\t\t<\/div>\n\t\t\t\t\t<\/div>\n\t\t<\/section>\n\t\t\t\t<\/div>\n\t\t<div class=\"fb-background-color\">\n\t\t\t  <div \n\t\t\t  \tclass = \"fb-comments\" \n\t\t\t  \tdata-href = \"https:\/\/www.elpolitologoyelpolitico.com.ar\/wordpress\/2022\/03\/31\/comienzan-a-llegar-las-maquinas-de-vialidad-para-continuar-arreglando-el-camino-a-bahia-san-blas\/\"\n\t\t\t  \tdata-numposts = \"10\"\n\t\t\t  \tdata-lazy = \"true\"\n\t\t\t\tdata-colorscheme = \"light\"\n\t\t\t\tdata-order-by = \"social\"\n\t\t\t\tdata-mobile=true>\n\t\t\t  <\/div><\/div>\n\t\t  <style>\n\t\t    .fb-background-color {\n\t\t\t\tbackground: #ffffff !important;\n\t\t\t}\n\t\t\t.fb_iframe_widget_fluid_desktop iframe {\n\t\t\t    width: 100% !important;\n\t\t\t}\n\t\t  <\/style>\n\t\t  ","protected":false},"excerpt":{"rendered":"<p>Luego de las gestiones realizadas por el Intedente Municipal, Ing. Jos\u00e9 Luis Zara, con el Goberandor de la Provincia de Buenos Aires, Axel Kicillof,&nbsp; hoy comenzaron a llegar los equipos de emergencia de Vialidad para trabajar en el camino a Bah\u00eda San Blas. Los mismos est\u00e1n conformados por camiones volcadores, motoniveladoras, casillas rodantes y retroescavadoras [&hellip;]<\/p>\n","protected":false},"author":4,"featured_media":18520,"comment_status":"closed","ping_status":"closed","sticky":false,"template":"","format":"standard","meta":{"_joinchat":[],"footnotes":""},"categories":[4],"tags":[],"class_list":["post-18519","post","type-post","status-publish","format-standard","has-post-thumbnail","hentry","category-politicas-publicas"],"_links":{"self":[{"href":"https:\/\/www.elpolitologoyelpolitico.com.ar\/wordpress\/wp-json\/wp\/v2\/posts\/18519","targetHints":{"allow":["GET"]}}],"collection":[{"href":"https:\/\/www.elpolitologoyelpolitico.com.ar\/wordpress\/wp-json\/wp\/v2\/posts"}],"about":[{"href":"https:\/\/www.elpolitologoyelpolitico.com.ar\/wordpress\/wp-json\/wp\/v2\/types\/post"}],"author":[{"embeddable":true,"href":"https:\/\/www.elpolitologoyelpolitico.com.ar\/wordpress\/wp-json\/wp\/v2\/users\/4"}],"replies":[{"embeddable":true,"href":"https:\/\/www.elpolitologoyelpolitico.com.ar\/wordpress\/wp-json\/wp\/v2\/comments?post=18519"}],"version-history":[{"count":0,"href":"https:\/\/www.elpolitologoyelpolitico.com.ar\/wordpress\/wp-json\/wp\/v2\/posts\/18519\/revisions"}],"wp:featuredmedia":[{"embeddable":true,"href":"https:\/\/www.elpolitologoyelpolitico.com.ar\/wordpress\/wp-json\/wp\/v2\/media\/18520"}],"wp:attachment":[{"href":"https:\/\/www.elpolitologoyelpolitico.com.ar\/wordpress\/wp-json\/wp\/v2\/media?parent=18519"}],"wp:term":[{"taxonomy":"category","embeddable":true,"href":"https:\/\/www.elpolitologoyelpolitico.com.ar\/wordpress\/wp-json\/wp\/v2\/categories?post=18519"},{"taxonomy":"post_tag","embeddable":true,"href":"https:\/\/www.elpolitologoyelpolitico.com.ar\/wordpress\/wp-json\/wp\/v2\/tags?post=18519"}],"curies":[{"name":"wp","href":"https:\/\/api.w.org\/{rel}","templated":true}]}}