{"id":18512,"date":"2022-03-30T23:06:34","date_gmt":"2022-03-30T23:06:34","guid":{"rendered":"https:\/\/www.elpolitologoyelpolitico.com.ar\/wordpress\/?p=18512"},"modified":"2022-03-30T23:07:22","modified_gmt":"2022-03-30T23:07:22","slug":"malvinas-conmemoran-los-40-anos-de-la-guerra-en-la-unidad-basica-de-viedma","status":"publish","type":"post","link":"https:\/\/www.elpolitologoyelpolitico.com.ar\/wordpress\/2022\/03\/30\/malvinas-conmemoran-los-40-anos-de-la-guerra-en-la-unidad-basica-de-viedma\/","title":{"rendered":"MALVINAS: CONMEMORAN LOS 40 A\u00d1OS DE LA GUERRA EN LA UNIDAD B\u00c1SICA DE VIEDMA"},"content":{"rendered":"\t\t<div data-elementor-type=\"wp-post\" data-elementor-id=\"18512\" class=\"elementor elementor-18512\">\n\t\t\t\t\t\t<section class=\"elementor-section elementor-top-section elementor-element elementor-element-6146d1dc elementor-section-boxed elementor-section-height-default elementor-section-height-default\" data-id=\"6146d1dc\" data-element_type=\"section\" data-e-type=\"section\">\n\t\t\t\t\t\t<div class=\"elementor-container elementor-column-gap-default\">\n\t\t\t\t\t<div class=\"elementor-column elementor-col-100 elementor-top-column elementor-element elementor-element-10d06269\" data-id=\"10d06269\" data-element_type=\"column\" data-e-type=\"column\">\n\t\t\t<div class=\"elementor-widget-wrap elementor-element-populated\">\n\t\t\t\t\t\t<div class=\"elementor-element elementor-element-6e91c5e0 elementor-widget elementor-widget-text-editor\" data-id=\"6e91c5e0\" data-element_type=\"widget\" data-e-type=\"widget\" data-widget_type=\"text-editor.default\">\n\t\t\t\t<div class=\"elementor-widget-container\">\n\t\t\t\t\t\t\t\t\t\n<p><\/p>\n\n\n\n<p>La juventud de la Agrupaci\u00f3n Acci\u00f3n Peronista de Viedma realizar\u00e1 este viernes un acto conmemorativo de los 40 a\u00f1os del inicio de la Guerra de Malvinas.&nbsp; Ser\u00e1 el 1 de abril a las 17,30 en la sede partidaria, ubicada en calle Buenos Aires 49 de la capital rionegrina, donde se descubrir\u00e1 un mural aleg\u00f3rico.<\/p>\n\n\n\n<p>\u201cEn este 40\u00b0 aniversario del conflicto de Malvinas, como militantes del movimiento justicialista, vemos la necesidad de poner en valor nuestro deber como argentinos levantando la voz por la causa Malvinas\u201d, sostuvieron los organizadores.&nbsp;<\/p>\n\n\n\n<p>Por ello, invitan a simpatizantes, militantes, afiliados, dirigentes y vecinos en general a participar de la presentacion del mural conmemorativo junto a ex combatientes \u201cpara a compartir sentimientos y deseos para nuestras generaciones futuras\u201d, afirmaron.<\/p>\n\n\n\n<p>\u201cEn la causa Malvinas no hay ideolog\u00edas ni distinciones partidarias, por eso convocamos con amplitud a todos y todas las que quieren sumarse a participar de esta jornada reinvindicatoria y de homenaje a los ca\u00eddos y a los ex combatientes\u201d, indicaron desde la Agrupaci\u00f3n que organiza.<\/p>\n\n\n\n<p>Se solicita a los concurrentes asistir con banderas argentinas.<\/p>\n\n\n\n<figure class=\"wp-block-image size-large\"><img fetchpriority=\"high\" decoding=\"async\" width=\"1024\" height=\"1024\" src=\"https:\/\/www.elpolitologoyelpolitico.com.ar\/wp-content\/uploads\/2022\/03\/IMG-20220330-WA0047-1024x1024.jpg\" alt=\"\" class=\"wp-image-18514\" srcset=\"https:\/\/www.elpolitologoyelpolitico.com.ar\/wp-content\/uploads\/2022\/03\/IMG-20220330-WA0047-1024x1024.jpg 1024w, https:\/\/www.elpolitologoyelpolitico.com.ar\/wp-content\/uploads\/2022\/03\/IMG-20220330-WA0047-300x300.jpg 300w, https:\/\/www.elpolitologoyelpolitico.com.ar\/wp-content\/uploads\/2022\/03\/IMG-20220330-WA0047-150x150.jpg 150w, https:\/\/www.elpolitologoyelpolitico.com.ar\/wp-content\/uploads\/2022\/03\/IMG-20220330-WA0047-768x768.jpg 768w, https:\/\/www.elpolitologoyelpolitico.com.ar\/wp-content\/uploads\/2022\/03\/IMG-20220330-WA0047.jpg 1080w\" sizes=\"(max-width: 1024px) 100vw, 1024px\" \/><\/figure>\n\t\t\t\t\t\t\t\t<\/div>\n\t\t\t\t<\/div>\n\t\t\t\t\t<\/div>\n\t\t<\/div>\n\t\t\t\t\t<\/div>\n\t\t<\/section>\n\t\t\t\t<\/div>\n\t\t<div class=\"fb-background-color\">\n\t\t\t  <div \n\t\t\t  \tclass = \"fb-comments\" \n\t\t\t  \tdata-href = \"https:\/\/www.elpolitologoyelpolitico.com.ar\/wordpress\/2022\/03\/30\/malvinas-conmemoran-los-40-anos-de-la-guerra-en-la-unidad-basica-de-viedma\/\"\n\t\t\t  \tdata-numposts = \"10\"\n\t\t\t  \tdata-lazy = \"true\"\n\t\t\t\tdata-colorscheme = \"light\"\n\t\t\t\tdata-order-by = \"social\"\n\t\t\t\tdata-mobile=true>\n\t\t\t  <\/div><\/div>\n\t\t  <style>\n\t\t    .fb-background-color {\n\t\t\t\tbackground: #ffffff !important;\n\t\t\t}\n\t\t\t.fb_iframe_widget_fluid_desktop iframe {\n\t\t\t    width: 100% !important;\n\t\t\t}\n\t\t  <\/style>\n\t\t  ","protected":false},"excerpt":{"rendered":"<p>La juventud de la Agrupaci\u00f3n Acci\u00f3n Peronista de Viedma realizar\u00e1 este viernes un acto conmemorativo de los 40 a\u00f1os del inicio de la Guerra de Malvinas.&nbsp; Ser\u00e1 el 1 de abril a las 17,30 en la sede partidaria, ubicada en calle Buenos Aires 49 de la capital rionegrina, donde se descubrir\u00e1 un mural aleg\u00f3rico. \u201cEn [&hellip;]<\/p>\n","protected":false},"author":4,"featured_media":18513,"comment_status":"closed","ping_status":"closed","sticky":false,"template":"","format":"standard","meta":{"_joinchat":[],"footnotes":""},"categories":[39],"tags":[],"class_list":["post-18512","post","type-post","status-publish","format-standard","has-post-thumbnail","hentry","category-en-esta-seccion"],"_links":{"self":[{"href":"https:\/\/www.elpolitologoyelpolitico.com.ar\/wordpress\/wp-json\/wp\/v2\/posts\/18512","targetHints":{"allow":["GET"]}}],"collection":[{"href":"https:\/\/www.elpolitologoyelpolitico.com.ar\/wordpress\/wp-json\/wp\/v2\/posts"}],"about":[{"href":"https:\/\/www.elpolitologoyelpolitico.com.ar\/wordpress\/wp-json\/wp\/v2\/types\/post"}],"author":[{"embeddable":true,"href":"https:\/\/www.elpolitologoyelpolitico.com.ar\/wordpress\/wp-json\/wp\/v2\/users\/4"}],"replies":[{"embeddable":true,"href":"https:\/\/www.elpolitologoyelpolitico.com.ar\/wordpress\/wp-json\/wp\/v2\/comments?post=18512"}],"version-history":[{"count":0,"href":"https:\/\/www.elpolitologoyelpolitico.com.ar\/wordpress\/wp-json\/wp\/v2\/posts\/18512\/revisions"}],"wp:featuredmedia":[{"embeddable":true,"href":"https:\/\/www.elpolitologoyelpolitico.com.ar\/wordpress\/wp-json\/wp\/v2\/media\/18513"}],"wp:attachment":[{"href":"https:\/\/www.elpolitologoyelpolitico.com.ar\/wordpress\/wp-json\/wp\/v2\/media?parent=18512"}],"wp:term":[{"taxonomy":"category","embeddable":true,"href":"https:\/\/www.elpolitologoyelpolitico.com.ar\/wordpress\/wp-json\/wp\/v2\/categories?post=18512"},{"taxonomy":"post_tag","embeddable":true,"href":"https:\/\/www.elpolitologoyelpolitico.com.ar\/wordpress\/wp-json\/wp\/v2\/tags?post=18512"}],"curies":[{"name":"wp","href":"https:\/\/api.w.org\/{rel}","templated":true}]}}