{"id":18506,"date":"2022-03-30T22:47:01","date_gmt":"2022-03-30T22:47:01","guid":{"rendered":"https:\/\/www.elpolitologoyelpolitico.com.ar\/wordpress\/?p=18506"},"modified":"2022-03-30T22:47:33","modified_gmt":"2022-03-30T22:47:33","slug":"manana-los-trabajadores-del-estado-de-rio-negro-deciden-por-si-o-no-de-la-propuesta-salarial-del-ejecutivo","status":"publish","type":"post","link":"https:\/\/www.elpolitologoyelpolitico.com.ar\/wordpress\/2022\/03\/30\/manana-los-trabajadores-del-estado-de-rio-negro-deciden-por-si-o-no-de-la-propuesta-salarial-del-ejecutivo\/","title":{"rendered":"Ma\u00f1ana los trabajadores del Estado de R\u00edo Negro deciden por SI o NO de la propuesta salarial del ejecutivo"},"content":{"rendered":"\t\t<div data-elementor-type=\"wp-post\" data-elementor-id=\"18506\" class=\"elementor elementor-18506\">\n\t\t\t\t\t\t<section class=\"elementor-section elementor-top-section elementor-element elementor-element-67c54301 elementor-section-boxed elementor-section-height-default elementor-section-height-default\" data-id=\"67c54301\" data-element_type=\"section\" data-e-type=\"section\">\n\t\t\t\t\t\t<div class=\"elementor-container elementor-column-gap-default\">\n\t\t\t\t\t<div class=\"elementor-column elementor-col-100 elementor-top-column elementor-element elementor-element-3f9459ed\" data-id=\"3f9459ed\" data-element_type=\"column\" data-e-type=\"column\">\n\t\t\t<div class=\"elementor-widget-wrap elementor-element-populated\">\n\t\t\t\t\t\t<div class=\"elementor-element elementor-element-13a918df elementor-widget elementor-widget-text-editor\" data-id=\"13a918df\" data-element_type=\"widget\" data-e-type=\"widget\" data-widget_type=\"text-editor.default\">\n\t\t\t\t<div class=\"elementor-widget-container\">\n\t\t\t\t\t\t\t\t\t\n<p><\/p>\n\n\n\n<p>Este jueves desde las 9 los secretarios generales de las seccionales de ATE y su conducci\u00f3n provincial analizar\u00e1n la propuesta de un 24% de incremento salarial para el primer semestre y una fecha de revisi\u00f3n para la primera quincena de junio. Habr\u00e1 aprobaci\u00f3n o rechazo.&nbsp;&nbsp;<\/p>\n\n\n\n<p>Durante los \u00faltimos d\u00edas las asambleas realizadas en las seccionales de ATE debatieron la oferta que contempla un 7% de aumento en marzo, 3% en abril, 6% en mayo y 8% en junio. De esta manera, el punto porcentual no liquidado en marzo deber\u00e1 ahora ser abonado de manera retroactiva con los haberes de abril.&nbsp;<\/p>\n\n\n\n<p>Cabe destacar, que ATE insisti\u00f3 durante la paritaria en que se liquide un proporcional del aguinaldo que forma parte de la pauta salarial 2021, el pago de todas las recategorizaciones adeudadas, el aumento valor de las horas suplementarias para las porteras y porteros, el reconocimiento de la Ley de Insalubridad, y que se establezca un r\u00e9gimen de jubilaci\u00f3n anticipada en salud p\u00fablica.&nbsp;<\/p>\n\n\n\n<p>Asimismo, reclam\u00f3 un plus por calefacci\u00f3n para los agentes de la L\u00ednea Sur, Bariloche y El Bols\u00f3n y el reconocimiento del adicional de movilidad del manual de misiones y funciones del sector educaci\u00f3n.<\/p>\n\t\t\t\t\t\t\t\t<\/div>\n\t\t\t\t<\/div>\n\t\t\t\t\t<\/div>\n\t\t<\/div>\n\t\t\t\t\t<\/div>\n\t\t<\/section>\n\t\t\t\t<\/div>\n\t\t<div class=\"fb-background-color\">\n\t\t\t  <div \n\t\t\t  \tclass = \"fb-comments\" \n\t\t\t  \tdata-href = \"https:\/\/www.elpolitologoyelpolitico.com.ar\/wordpress\/2022\/03\/30\/manana-los-trabajadores-del-estado-de-rio-negro-deciden-por-si-o-no-de-la-propuesta-salarial-del-ejecutivo\/\"\n\t\t\t  \tdata-numposts = \"10\"\n\t\t\t  \tdata-lazy = \"true\"\n\t\t\t\tdata-colorscheme = \"light\"\n\t\t\t\tdata-order-by = \"social\"\n\t\t\t\tdata-mobile=true>\n\t\t\t  <\/div><\/div>\n\t\t  <style>\n\t\t    .fb-background-color {\n\t\t\t\tbackground: #ffffff !important;\n\t\t\t}\n\t\t\t.fb_iframe_widget_fluid_desktop iframe {\n\t\t\t    width: 100% !important;\n\t\t\t}\n\t\t  <\/style>\n\t\t  ","protected":false},"excerpt":{"rendered":"<p>Este jueves desde las 9 los secretarios generales de las seccionales de ATE y su conducci\u00f3n provincial analizar\u00e1n la propuesta de un 24% de incremento salarial para el primer semestre y una fecha de revisi\u00f3n para la primera quincena de junio. Habr\u00e1 aprobaci\u00f3n o rechazo.&nbsp;&nbsp; Durante los \u00faltimos d\u00edas las asambleas realizadas en las seccionales [&hellip;]<\/p>\n","protected":false},"author":4,"featured_media":18507,"comment_status":"closed","ping_status":"closed","sticky":false,"template":"","format":"standard","meta":{"_joinchat":[],"footnotes":""},"categories":[39],"tags":[],"class_list":["post-18506","post","type-post","status-publish","format-standard","has-post-thumbnail","hentry","category-en-esta-seccion"],"_links":{"self":[{"href":"https:\/\/www.elpolitologoyelpolitico.com.ar\/wordpress\/wp-json\/wp\/v2\/posts\/18506","targetHints":{"allow":["GET"]}}],"collection":[{"href":"https:\/\/www.elpolitologoyelpolitico.com.ar\/wordpress\/wp-json\/wp\/v2\/posts"}],"about":[{"href":"https:\/\/www.elpolitologoyelpolitico.com.ar\/wordpress\/wp-json\/wp\/v2\/types\/post"}],"author":[{"embeddable":true,"href":"https:\/\/www.elpolitologoyelpolitico.com.ar\/wordpress\/wp-json\/wp\/v2\/users\/4"}],"replies":[{"embeddable":true,"href":"https:\/\/www.elpolitologoyelpolitico.com.ar\/wordpress\/wp-json\/wp\/v2\/comments?post=18506"}],"version-history":[{"count":0,"href":"https:\/\/www.elpolitologoyelpolitico.com.ar\/wordpress\/wp-json\/wp\/v2\/posts\/18506\/revisions"}],"wp:featuredmedia":[{"embeddable":true,"href":"https:\/\/www.elpolitologoyelpolitico.com.ar\/wordpress\/wp-json\/wp\/v2\/media\/18507"}],"wp:attachment":[{"href":"https:\/\/www.elpolitologoyelpolitico.com.ar\/wordpress\/wp-json\/wp\/v2\/media?parent=18506"}],"wp:term":[{"taxonomy":"category","embeddable":true,"href":"https:\/\/www.elpolitologoyelpolitico.com.ar\/wordpress\/wp-json\/wp\/v2\/categories?post=18506"},{"taxonomy":"post_tag","embeddable":true,"href":"https:\/\/www.elpolitologoyelpolitico.com.ar\/wordpress\/wp-json\/wp\/v2\/tags?post=18506"}],"curies":[{"name":"wp","href":"https:\/\/api.w.org\/{rel}","templated":true}]}}