{"id":18500,"date":"2022-03-30T21:16:58","date_gmt":"2022-03-30T21:16:58","guid":{"rendered":"https:\/\/www.elpolitologoyelpolitico.com.ar\/wordpress\/?p=18500"},"modified":"2022-03-30T21:18:08","modified_gmt":"2022-03-30T21:18:08","slug":"la-gobernadora-acompano-la-presentacion-de-la-agenda-2022-del-consejo-economico-y-social","status":"publish","type":"post","link":"https:\/\/www.elpolitologoyelpolitico.com.ar\/wordpress\/2022\/03\/30\/la-gobernadora-acompano-la-presentacion-de-la-agenda-2022-del-consejo-economico-y-social\/","title":{"rendered":"La Gobernadora acompa\u00f1\u00f3 la presentaci\u00f3n de la agenda 2022 del Consejo Econ\u00f3mico y Social"},"content":{"rendered":"\t\t<div data-elementor-type=\"wp-post\" data-elementor-id=\"18500\" class=\"elementor elementor-18500\">\n\t\t\t\t\t\t<section class=\"elementor-section elementor-top-section elementor-element elementor-element-363b2acd elementor-section-boxed elementor-section-height-default elementor-section-height-default\" data-id=\"363b2acd\" data-element_type=\"section\" data-e-type=\"section\">\n\t\t\t\t\t\t<div class=\"elementor-container elementor-column-gap-default\">\n\t\t\t\t\t<div class=\"elementor-column elementor-col-100 elementor-top-column elementor-element elementor-element-2f2cfb00\" data-id=\"2f2cfb00\" data-element_type=\"column\" data-e-type=\"column\">\n\t\t\t<div class=\"elementor-widget-wrap elementor-element-populated\">\n\t\t\t\t\t\t<div class=\"elementor-element elementor-element-5c7d7e10 elementor-widget elementor-widget-text-editor\" data-id=\"5c7d7e10\" data-element_type=\"widget\" data-e-type=\"widget\" data-widget_type=\"text-editor.default\">\n\t\t\t\t<div class=\"elementor-widget-container\">\n\t\t\t\t\t\t\t\t\t\n<p><\/p>\n\n\n\n<p>La Gobernadora, Arabela Carreras, particip\u00f3 de la presentaci\u00f3n de la agenda productiva federal del Consejo Econ\u00f3mico y Social, acto que fue encabezado por el Presidente de la Naci\u00f3n, Alberto Fern\u00e1ndez.<\/p>\n\n\n\n<p>La ceremonia se desarroll\u00f3 en el Sal\u00f3n Argentina del Centro Cultural Kirchner, bajo el lema \u201cArgentina Unida por la Argentina querida\u201d. Participaron referentes del sector gremial y empresarial, adem\u00e1s de autoridades nacionales y provinciales.<\/p>\n\n\n\n<p>El secretario de Asuntos Estrat\u00e9gicos y titular del Consejo, Gustavo Beliz, explic\u00f3 que la agenda de 2022 del Consejo estar\u00e1 centrada en tres metas: profundizar la recuperaci\u00f3n del tejido productivo; generar oportunidades de empleo e inclusi\u00f3n real; y fortalecer los consensos.<\/p>\n\n\n\n<p>En este marco, el ministro de Desarrollo Productivo de la Naci\u00f3n, Mat\u00edas Kulfas, tambi\u00e9n present\u00f3 detalles del plan \u00abArgentina Productiva 2030\u00bb, que incluye la puesta en marcha de mesas multisectoriales a lo largo de todo el pa\u00eds, junto a gobernadores, sindicatos, empresas y otras organizaciones de la sociedad.<\/p>\n\n\n\n<p>En ambos casos, Beliz y Kulfas mencionaron la importancia del proyecto de Hidrogeno Verde en R\u00edo Negro, resaltando que se trata de una iniciativa estrat\u00e9gica para la Naci\u00f3n.<\/p>\n\n\n\n<p>Durante la actividad se otorgaron las distinciones a las iniciativas seleccionadas de las convocatorias lanzadas en 2021.<\/p>\n\t\t\t\t\t\t\t\t<\/div>\n\t\t\t\t<\/div>\n\t\t\t\t\t<\/div>\n\t\t<\/div>\n\t\t\t\t\t<\/div>\n\t\t<\/section>\n\t\t\t\t<\/div>\n\t\t<div class=\"fb-background-color\">\n\t\t\t  <div \n\t\t\t  \tclass = \"fb-comments\" \n\t\t\t  \tdata-href = \"https:\/\/www.elpolitologoyelpolitico.com.ar\/wordpress\/2022\/03\/30\/la-gobernadora-acompano-la-presentacion-de-la-agenda-2022-del-consejo-economico-y-social\/\"\n\t\t\t  \tdata-numposts = \"10\"\n\t\t\t  \tdata-lazy = \"true\"\n\t\t\t\tdata-colorscheme = \"light\"\n\t\t\t\tdata-order-by = \"social\"\n\t\t\t\tdata-mobile=true>\n\t\t\t  <\/div><\/div>\n\t\t  <style>\n\t\t    .fb-background-color {\n\t\t\t\tbackground: #ffffff !important;\n\t\t\t}\n\t\t\t.fb_iframe_widget_fluid_desktop iframe {\n\t\t\t    width: 100% !important;\n\t\t\t}\n\t\t  <\/style>\n\t\t  ","protected":false},"excerpt":{"rendered":"<p>La Gobernadora, Arabela Carreras, particip\u00f3 de la presentaci\u00f3n de la agenda productiva federal del Consejo Econ\u00f3mico y Social, acto que fue encabezado por el Presidente de la Naci\u00f3n, Alberto Fern\u00e1ndez. La ceremonia se desarroll\u00f3 en el Sal\u00f3n Argentina del Centro Cultural Kirchner, bajo el lema \u201cArgentina Unida por la Argentina querida\u201d. Participaron referentes del sector [&hellip;]<\/p>\n","protected":false},"author":4,"featured_media":18501,"comment_status":"closed","ping_status":"closed","sticky":false,"template":"","format":"standard","meta":{"_joinchat":[],"footnotes":""},"categories":[39],"tags":[],"class_list":["post-18500","post","type-post","status-publish","format-standard","has-post-thumbnail","hentry","category-en-esta-seccion"],"_links":{"self":[{"href":"https:\/\/www.elpolitologoyelpolitico.com.ar\/wordpress\/wp-json\/wp\/v2\/posts\/18500","targetHints":{"allow":["GET"]}}],"collection":[{"href":"https:\/\/www.elpolitologoyelpolitico.com.ar\/wordpress\/wp-json\/wp\/v2\/posts"}],"about":[{"href":"https:\/\/www.elpolitologoyelpolitico.com.ar\/wordpress\/wp-json\/wp\/v2\/types\/post"}],"author":[{"embeddable":true,"href":"https:\/\/www.elpolitologoyelpolitico.com.ar\/wordpress\/wp-json\/wp\/v2\/users\/4"}],"replies":[{"embeddable":true,"href":"https:\/\/www.elpolitologoyelpolitico.com.ar\/wordpress\/wp-json\/wp\/v2\/comments?post=18500"}],"version-history":[{"count":0,"href":"https:\/\/www.elpolitologoyelpolitico.com.ar\/wordpress\/wp-json\/wp\/v2\/posts\/18500\/revisions"}],"wp:featuredmedia":[{"embeddable":true,"href":"https:\/\/www.elpolitologoyelpolitico.com.ar\/wordpress\/wp-json\/wp\/v2\/media\/18501"}],"wp:attachment":[{"href":"https:\/\/www.elpolitologoyelpolitico.com.ar\/wordpress\/wp-json\/wp\/v2\/media?parent=18500"}],"wp:term":[{"taxonomy":"category","embeddable":true,"href":"https:\/\/www.elpolitologoyelpolitico.com.ar\/wordpress\/wp-json\/wp\/v2\/categories?post=18500"},{"taxonomy":"post_tag","embeddable":true,"href":"https:\/\/www.elpolitologoyelpolitico.com.ar\/wordpress\/wp-json\/wp\/v2\/tags?post=18500"}],"curies":[{"name":"wp","href":"https:\/\/api.w.org\/{rel}","templated":true}]}}