{"id":18492,"date":"2022-03-30T20:25:21","date_gmt":"2022-03-30T20:25:21","guid":{"rendered":"https:\/\/www.elpolitologoyelpolitico.com.ar\/wordpress\/?p=18492"},"modified":"2022-03-30T20:26:01","modified_gmt":"2022-03-30T20:26:01","slug":"continua-abierta-la-convocatoria-de-la-editorial-municipal-para-publicacion-de-obras","status":"publish","type":"post","link":"https:\/\/www.elpolitologoyelpolitico.com.ar\/wordpress\/2022\/03\/30\/continua-abierta-la-convocatoria-de-la-editorial-municipal-para-publicacion-de-obras\/","title":{"rendered":"Contin\u00faa abierta la convocatoria de la Editorial Municipal para publicaci\u00f3n de obras"},"content":{"rendered":"\t\t<div data-elementor-type=\"wp-post\" data-elementor-id=\"18492\" class=\"elementor elementor-18492\">\n\t\t\t\t\t\t<section class=\"elementor-section elementor-top-section elementor-element elementor-element-137e19d4 elementor-section-boxed elementor-section-height-default elementor-section-height-default\" data-id=\"137e19d4\" data-element_type=\"section\" data-e-type=\"section\">\n\t\t\t\t\t\t<div class=\"elementor-container elementor-column-gap-default\">\n\t\t\t\t\t<div class=\"elementor-column elementor-col-100 elementor-top-column elementor-element elementor-element-4f4df0bd\" data-id=\"4f4df0bd\" data-element_type=\"column\" data-e-type=\"column\">\n\t\t\t<div class=\"elementor-widget-wrap elementor-element-populated\">\n\t\t\t\t\t\t<div class=\"elementor-element elementor-element-769883a7 elementor-widget elementor-widget-text-editor\" data-id=\"769883a7\" data-element_type=\"widget\" data-e-type=\"widget\" data-widget_type=\"text-editor.default\">\n\t\t\t\t<div class=\"elementor-widget-container\">\n\t\t\t\t\t\t\t\t\t\n<p><strong>\u00a0<\/strong><\/p>\n\n\n\n<p>El gobierno de Viedma a trav\u00e9s de la Editorial Municipal, informa que hasta el 25 de abril sigue abierta la primera convocatoria para publicaci\u00f3n de obras, dirigida a autores que residan en la Comarca y balneario el C\u00f3ndor.<\/p>\n\n\n\n<p>El plazo para la recepci\u00f3n de obras finalizar\u00e1 el lunes 25 de abril a las 23:59 hs del corriente a\u00f1o (se contempla la fecha y hora de env\u00edo indicada en el e-mail).<\/p>\n\n\n\n<p>Los resultados se comunicar\u00e1n dentro de los 90 d\u00edas luego de ser finalizada la convocatoria a trav\u00e9s del mail y de los sitios web oficiales del gobierno de Viedma.<\/p>\n\n\n\n<p>Esta convocatoria se lanza con el fin de fomentar, reconocer, promover y difundir la producci\u00f3n de conocimiento y de obras literarias de diferentes g\u00e9neros.<\/p>\n\n\n\n<p>Podr\u00e1n participar todas las personas mayores de 18 a\u00f1os, argentinas, extranjeras o naturalizadas residentes en Viedma, Carmen de Patagones y balneario el C\u00f3ndor, que acrediten una residencia no inferior a los tres (3) a\u00f1os en dichos territorios.<\/p>\n\n\n\n<p><strong>G\u00c9NEROS<\/strong><\/p>\n\n\n\n<p>Los g\u00e9neros a publicar ser\u00e1n:<\/p>\n\n\n\n<p>\u2013 No Ficci\u00f3n: Producci\u00f3n de conocimiento \u2013 investigaci\u00f3n. Obra period\u00edstica.&nbsp; Ensayo<\/p>\n\n\n\n<p>\u2013 Novela gr\u00e1fica \u2013 Historieta<\/p>\n\n\n\n<p>\u2013 Cuento para infancias y\/o adolescencia.<\/p>\n\n\n\n<p>\u2013 Poes\u00eda para infancias y\/o adolescencia.<\/p>\n\n\n\n<p>Es importante se\u00f1alar que en esta oportunidad se han seleccionado estos g\u00e9neros, en la convocatoria 2023 se abrir\u00e1 el llamado para Poes\u00eda, Novela y Cuento.<\/p>\n\n\n\n<p><strong>Contenido.<\/strong><\/p>\n\n\n\n<p>El contenido o tem\u00e1tica es de libre elecci\u00f3n. Podr\u00e1n presentarse obras de autor\u00eda compartida, pero no se aceptar\u00e1n creaciones colectivas, compilaciones, ni obras creadas por m\u00e1s de dos autores.<\/p>\n\n\n\n<p>Lxs autores deben tener los plenos derechos de reproducci\u00f3n de los textos presentados, no deben haber sido cedidos a ninguna empresa editorial para ning\u00fan fin y deber\u00e1n permanecer in\u00e9ditas hasta la fecha de publicaci\u00f3n de las y los autores seleccionados.<\/p>\n\n\n\n<p>Las inscripciones y env\u00edo de obra se har\u00e1 mediante correo electr\u00f3nico seg\u00fan lo se\u00f1alado en las bases y condiciones que se encuentran en la pagina web oficial del municipio www.viedma.gob.ar o a trav\u00e9s del siguiente enlace&nbsp; <a href=\"https:\/\/bit.ly\/3h8qYmZ\">https:\/\/bit.ly\/3h8qYmZ<\/a><\/p>\n\n\n\n<p>Para m\u00e1s informaci\u00f3n los interesados podr\u00e1n dirigirse al correo electr\u00f3nico:&nbsp; editori\u2026@gmail.com<\/p>\n\t\t\t\t\t\t\t\t<\/div>\n\t\t\t\t<\/div>\n\t\t\t\t\t<\/div>\n\t\t<\/div>\n\t\t\t\t\t<\/div>\n\t\t<\/section>\n\t\t\t\t<\/div>\n\t\t<div class=\"fb-background-color\">\n\t\t\t  <div \n\t\t\t  \tclass = \"fb-comments\" \n\t\t\t  \tdata-href = \"https:\/\/www.elpolitologoyelpolitico.com.ar\/wordpress\/2022\/03\/30\/continua-abierta-la-convocatoria-de-la-editorial-municipal-para-publicacion-de-obras\/\"\n\t\t\t  \tdata-numposts = \"10\"\n\t\t\t  \tdata-lazy = \"true\"\n\t\t\t\tdata-colorscheme = \"light\"\n\t\t\t\tdata-order-by = \"social\"\n\t\t\t\tdata-mobile=true>\n\t\t\t  <\/div><\/div>\n\t\t  <style>\n\t\t    .fb-background-color {\n\t\t\t\tbackground: #ffffff !important;\n\t\t\t}\n\t\t\t.fb_iframe_widget_fluid_desktop iframe {\n\t\t\t    width: 100% !important;\n\t\t\t}\n\t\t  <\/style>\n\t\t  ","protected":false},"excerpt":{"rendered":"<p>\u00a0 El gobierno de Viedma a trav\u00e9s de la Editorial Municipal, informa que hasta el 25 de abril sigue abierta la primera convocatoria para publicaci\u00f3n de obras, dirigida a autores que residan en la Comarca y balneario el C\u00f3ndor. El plazo para la recepci\u00f3n de obras finalizar\u00e1 el lunes 25 de abril a las 23:59 [&hellip;]<\/p>\n","protected":false},"author":4,"featured_media":18493,"comment_status":"closed","ping_status":"closed","sticky":false,"template":"","format":"standard","meta":{"_joinchat":[],"footnotes":""},"categories":[39],"tags":[],"class_list":["post-18492","post","type-post","status-publish","format-standard","has-post-thumbnail","hentry","category-en-esta-seccion"],"_links":{"self":[{"href":"https:\/\/www.elpolitologoyelpolitico.com.ar\/wordpress\/wp-json\/wp\/v2\/posts\/18492","targetHints":{"allow":["GET"]}}],"collection":[{"href":"https:\/\/www.elpolitologoyelpolitico.com.ar\/wordpress\/wp-json\/wp\/v2\/posts"}],"about":[{"href":"https:\/\/www.elpolitologoyelpolitico.com.ar\/wordpress\/wp-json\/wp\/v2\/types\/post"}],"author":[{"embeddable":true,"href":"https:\/\/www.elpolitologoyelpolitico.com.ar\/wordpress\/wp-json\/wp\/v2\/users\/4"}],"replies":[{"embeddable":true,"href":"https:\/\/www.elpolitologoyelpolitico.com.ar\/wordpress\/wp-json\/wp\/v2\/comments?post=18492"}],"version-history":[{"count":0,"href":"https:\/\/www.elpolitologoyelpolitico.com.ar\/wordpress\/wp-json\/wp\/v2\/posts\/18492\/revisions"}],"wp:featuredmedia":[{"embeddable":true,"href":"https:\/\/www.elpolitologoyelpolitico.com.ar\/wordpress\/wp-json\/wp\/v2\/media\/18493"}],"wp:attachment":[{"href":"https:\/\/www.elpolitologoyelpolitico.com.ar\/wordpress\/wp-json\/wp\/v2\/media?parent=18492"}],"wp:term":[{"taxonomy":"category","embeddable":true,"href":"https:\/\/www.elpolitologoyelpolitico.com.ar\/wordpress\/wp-json\/wp\/v2\/categories?post=18492"},{"taxonomy":"post_tag","embeddable":true,"href":"https:\/\/www.elpolitologoyelpolitico.com.ar\/wordpress\/wp-json\/wp\/v2\/tags?post=18492"}],"curies":[{"name":"wp","href":"https:\/\/api.w.org\/{rel}","templated":true}]}}