{"id":18473,"date":"2022-03-30T19:21:07","date_gmt":"2022-03-30T19:21:07","guid":{"rendered":"https:\/\/www.elpolitologoyelpolitico.com.ar\/wordpress\/?p=18473"},"modified":"2022-03-30T19:21:54","modified_gmt":"2022-03-30T19:21:54","slug":"municipios-y-comisiones-de-fomento-ya-estan-listos-para-arrancar-con-el-plan-calor-2022","status":"publish","type":"post","link":"https:\/\/www.elpolitologoyelpolitico.com.ar\/wordpress\/2022\/03\/30\/municipios-y-comisiones-de-fomento-ya-estan-listos-para-arrancar-con-el-plan-calor-2022\/","title":{"rendered":"Municipios y comisiones de fomento ya est\u00e1n listos para arrancar con el Plan Calor 2022"},"content":{"rendered":"\t\t<div data-elementor-type=\"wp-post\" data-elementor-id=\"18473\" class=\"elementor elementor-18473\">\n\t\t\t\t\t\t<section class=\"elementor-section elementor-top-section elementor-element elementor-element-76ba34f7 elementor-section-boxed elementor-section-height-default elementor-section-height-default\" data-id=\"76ba34f7\" data-element_type=\"section\" data-e-type=\"section\">\n\t\t\t\t\t\t<div class=\"elementor-container elementor-column-gap-default\">\n\t\t\t\t\t<div class=\"elementor-column elementor-col-100 elementor-top-column elementor-element elementor-element-6f529a60\" data-id=\"6f529a60\" data-element_type=\"column\" data-e-type=\"column\">\n\t\t\t<div class=\"elementor-widget-wrap elementor-element-populated\">\n\t\t\t\t\t\t<div class=\"elementor-element elementor-element-44535319 elementor-widget elementor-widget-text-editor\" data-id=\"44535319\" data-element_type=\"widget\" data-e-type=\"widget\" data-widget_type=\"text-editor.default\">\n\t\t\t\t<div class=\"elementor-widget-container\">\n\t\t\t\t\t\t\t\t\t\n<p><\/p>\n\n\n\n<p>Representantes de las regiones Sur y Andina de la Provincia rubricaron los convenios respectivos para la transferencia de los fondos. Como cada invierno, se entregar\u00e1 le\u00f1a fraccionada a las familias que no cuentan con red de gas.<\/p>\n\n\n\n<p>Finaliz\u00f3 este lunes una productiva agenda en lo que respecta al Plan Calor y al objetivo de la Provincia: anticiparse al invierno para su plena puesta en marcha. La ministra de Desarrollo Humano y Articulaci\u00f3n Solidaria, Natalia Reynoso, recorri\u00f3 la Regi\u00f3n Sur; Zona Andina y el Alto Valle, para la firma de los convenios con Comisiones de Fomento y Municipios.<\/p>\n\n\n\n<p>M\u00e1s de 40 localidades rionegrinas recibir\u00e1n este invierno, como cada a\u00f1o, la asistencia de la provincia para afrontar el invierno, mediante el Plan Calor y sus distintos componentes, que se pondr\u00e1n en marcha en los pr\u00f3ximos d\u00edas, para abastecer a las familias de la le\u00f1a y los recursos necesarios para calefaccionarse.<\/p>\n\n\n\n<p>Para concretar la r\u00fabrica, la Ministra Reynoso visit\u00f3 El Bols\u00f3n, Los Menucos, Aguada Cecilio y General Roca, donde se reuni\u00f3 con representantes de 12 municipios y 34 Comisiones de Fomento.<\/p>\n\n\n\n<p>\u201cEl objetivo de agilizar la firma de los convenios es iniciar, a la brevedad, tanto la transferencia de fondos, como la distribuci\u00f3n de la le\u00f1a envasada y garantizar que el recurso est\u00e9 disponible en los hogares con la mayor previsi\u00f3n posible\u201d, indic\u00f3 la funcionaria.<\/p>\n\n\n\n<p>Asimismo, dijo que, estas visitas \u201cpermitieron delinear y acordar el desarrollo del operativo de entrega de le\u00f1a, mediante los cuales se llegar\u00e1 a cientos de familias que no cuentan con el servicio de gas; priorizando a quienes m\u00e1s lo necesitan, entre ellas; personas mayores o con discapacidad\u201d.<\/p>\n\n\n\n<p>En El Bols\u00f3n se firmaron los convenios de esa localidad y de Villa Mascardi, El Manso, Pilquiniyeu del Limay, Laguna Blanca, R\u00edo Chico, Paso Flores, Villa Llanquin, y los municipios de \u00d1orquinco, San Carlos de Bariloche, Comallo y Pilquiniyeu.<\/p>\n\n\n\n<p>En Los Menucos, en tanto, se hizo lo propio con representantes de esa localidad, de Ojo de agua, Mamuel Choique, Aguada de Guerra, Prahuaniyeu, Comic\u00f3, El Ca\u00edn, Colan Conhu\u00e9, Pilquiniyeu, Clemente Onelli, y los municipios de Sierra Colorada, Ingeniero Jacobacci, Maquinchao y Ramos Mex\u00eda.<\/p>\n\n\n\n<p>En Aguada Cecilio asistieron los comisionados y comisionadas de Sierra Paileman, Arroyo Los Berros, Arroyo Ventana, Chipauquil, Rinc\u00f3n Treneta, Yaminu\u00e9, Cona Niyeu, San Javier, Nahuel Niyeu, y la municipalidad de Valcheta.<\/p>\n\n\n\n<p>El cronograma finaliz\u00f3 en General Roca, con la r\u00fabrica de convenio con los comisionados de Cerro Polic\u00eda, Aguada Guzm\u00e1n, Naupa Huen, Valle Azul, Pe\u00f1as Blancas, Chelfor\u00f3, El Cuy y Mencu\u00e9.<\/p>\n\n\n\n<figure class=\"wp-block-gallery has-nested-images columns-default is-cropped wp-block-gallery-2 is-layout-flex wp-block-gallery-is-layout-flex\">\n<figure class=\"wp-block-image size-large\"><img fetchpriority=\"high\" decoding=\"async\" width=\"1024\" height=\"682\" data-id=\"18475\" src=\"https:\/\/www.elpolitologoyelpolitico.com.ar\/wp-content\/uploads\/2022\/03\/IMG-20220330-WA0036-1024x682.jpg\" alt=\"\" class=\"wp-image-18475\" srcset=\"https:\/\/www.elpolitologoyelpolitico.com.ar\/wp-content\/uploads\/2022\/03\/IMG-20220330-WA0036-1024x682.jpg 1024w, https:\/\/www.elpolitologoyelpolitico.com.ar\/wp-content\/uploads\/2022\/03\/IMG-20220330-WA0036-300x200.jpg 300w, https:\/\/www.elpolitologoyelpolitico.com.ar\/wp-content\/uploads\/2022\/03\/IMG-20220330-WA0036-768x512.jpg 768w, https:\/\/www.elpolitologoyelpolitico.com.ar\/wp-content\/uploads\/2022\/03\/IMG-20220330-WA0036.jpg 1280w\" sizes=\"(max-width: 1024px) 100vw, 1024px\" \/><\/figure>\n\n\n\n<figure class=\"wp-block-image size-large\"><img decoding=\"async\" width=\"1024\" height=\"697\" data-id=\"18476\" src=\"https:\/\/www.elpolitologoyelpolitico.com.ar\/wp-content\/uploads\/2022\/03\/IMG-20220330-WA0035-1024x697.jpg\" alt=\"\" class=\"wp-image-18476\" srcset=\"https:\/\/www.elpolitologoyelpolitico.com.ar\/wp-content\/uploads\/2022\/03\/IMG-20220330-WA0035-1024x697.jpg 1024w, https:\/\/www.elpolitologoyelpolitico.com.ar\/wp-content\/uploads\/2022\/03\/IMG-20220330-WA0035-300x204.jpg 300w, https:\/\/www.elpolitologoyelpolitico.com.ar\/wp-content\/uploads\/2022\/03\/IMG-20220330-WA0035-768x523.jpg 768w, https:\/\/www.elpolitologoyelpolitico.com.ar\/wp-content\/uploads\/2022\/03\/IMG-20220330-WA0035.jpg 1280w\" sizes=\"(max-width: 1024px) 100vw, 1024px\" \/><\/figure>\n<\/figure>\n\t\t\t\t\t\t\t\t<\/div>\n\t\t\t\t<\/div>\n\t\t\t\t\t<\/div>\n\t\t<\/div>\n\t\t\t\t\t<\/div>\n\t\t<\/section>\n\t\t\t\t<\/div>\n\t\t<div class=\"fb-background-color\">\n\t\t\t  <div \n\t\t\t  \tclass = \"fb-comments\" \n\t\t\t  \tdata-href = \"https:\/\/www.elpolitologoyelpolitico.com.ar\/wordpress\/2022\/03\/30\/municipios-y-comisiones-de-fomento-ya-estan-listos-para-arrancar-con-el-plan-calor-2022\/\"\n\t\t\t  \tdata-numposts = \"10\"\n\t\t\t  \tdata-lazy = \"true\"\n\t\t\t\tdata-colorscheme = \"light\"\n\t\t\t\tdata-order-by = \"social\"\n\t\t\t\tdata-mobile=true>\n\t\t\t  <\/div><\/div>\n\t\t  <style>\n\t\t    .fb-background-color {\n\t\t\t\tbackground: #ffffff !important;\n\t\t\t}\n\t\t\t.fb_iframe_widget_fluid_desktop iframe {\n\t\t\t    width: 100% !important;\n\t\t\t}\n\t\t  <\/style>\n\t\t  ","protected":false},"excerpt":{"rendered":"<p>Representantes de las regiones Sur y Andina de la Provincia rubricaron los convenios respectivos para la transferencia de los fondos. Como cada invierno, se entregar\u00e1 le\u00f1a fraccionada a las familias que no cuentan con red de gas. Finaliz\u00f3 este lunes una productiva agenda en lo que respecta al Plan Calor y al objetivo de la [&hellip;]<\/p>\n","protected":false},"author":4,"featured_media":18474,"comment_status":"closed","ping_status":"closed","sticky":false,"template":"","format":"standard","meta":{"_joinchat":[],"footnotes":""},"categories":[1],"tags":[],"class_list":["post-18473","post","type-post","status-publish","format-standard","has-post-thumbnail","hentry","category-universitario"],"_links":{"self":[{"href":"https:\/\/www.elpolitologoyelpolitico.com.ar\/wordpress\/wp-json\/wp\/v2\/posts\/18473","targetHints":{"allow":["GET"]}}],"collection":[{"href":"https:\/\/www.elpolitologoyelpolitico.com.ar\/wordpress\/wp-json\/wp\/v2\/posts"}],"about":[{"href":"https:\/\/www.elpolitologoyelpolitico.com.ar\/wordpress\/wp-json\/wp\/v2\/types\/post"}],"author":[{"embeddable":true,"href":"https:\/\/www.elpolitologoyelpolitico.com.ar\/wordpress\/wp-json\/wp\/v2\/users\/4"}],"replies":[{"embeddable":true,"href":"https:\/\/www.elpolitologoyelpolitico.com.ar\/wordpress\/wp-json\/wp\/v2\/comments?post=18473"}],"version-history":[{"count":0,"href":"https:\/\/www.elpolitologoyelpolitico.com.ar\/wordpress\/wp-json\/wp\/v2\/posts\/18473\/revisions"}],"wp:featuredmedia":[{"embeddable":true,"href":"https:\/\/www.elpolitologoyelpolitico.com.ar\/wordpress\/wp-json\/wp\/v2\/media\/18474"}],"wp:attachment":[{"href":"https:\/\/www.elpolitologoyelpolitico.com.ar\/wordpress\/wp-json\/wp\/v2\/media?parent=18473"}],"wp:term":[{"taxonomy":"category","embeddable":true,"href":"https:\/\/www.elpolitologoyelpolitico.com.ar\/wordpress\/wp-json\/wp\/v2\/categories?post=18473"},{"taxonomy":"post_tag","embeddable":true,"href":"https:\/\/www.elpolitologoyelpolitico.com.ar\/wordpress\/wp-json\/wp\/v2\/tags?post=18473"}],"curies":[{"name":"wp","href":"https:\/\/api.w.org\/{rel}","templated":true}]}}