{"id":18454,"date":"2022-03-30T16:36:04","date_gmt":"2022-03-30T16:36:04","guid":{"rendered":"https:\/\/www.elpolitologoyelpolitico.com.ar\/wordpress\/?p=18454"},"modified":"2022-03-30T16:36:41","modified_gmt":"2022-03-30T16:36:41","slug":"cambio-de-horarios-en-museo-salesiano-y-gardeliano","status":"publish","type":"post","link":"https:\/\/www.elpolitologoyelpolitico.com.ar\/wordpress\/2022\/03\/30\/cambio-de-horarios-en-museo-salesiano-y-gardeliano\/","title":{"rendered":"Cambio de horarios en museo Salesiano y Gardeliano"},"content":{"rendered":"\t\t<div data-elementor-type=\"wp-post\" data-elementor-id=\"18454\" class=\"elementor elementor-18454\">\n\t\t\t\t\t\t<section class=\"elementor-section elementor-top-section elementor-element elementor-element-1f3d77f2 elementor-section-boxed elementor-section-height-default elementor-section-height-default\" data-id=\"1f3d77f2\" data-element_type=\"section\" data-e-type=\"section\">\n\t\t\t\t\t\t<div class=\"elementor-container elementor-column-gap-default\">\n\t\t\t\t\t<div class=\"elementor-column elementor-col-100 elementor-top-column elementor-element elementor-element-dcbd253\" data-id=\"dcbd253\" data-element_type=\"column\" data-e-type=\"column\">\n\t\t\t<div class=\"elementor-widget-wrap elementor-element-populated\">\n\t\t\t\t\t\t<div class=\"elementor-element elementor-element-4640a96b elementor-widget elementor-widget-text-editor\" data-id=\"4640a96b\" data-element_type=\"widget\" data-e-type=\"widget\" data-widget_type=\"text-editor.default\">\n\t\t\t\t<div class=\"elementor-widget-container\">\n\t\t\t\t\t\t\t\t\t\n<p><\/p>\n\n\n\n<p>El gobierno de Viedma a trav\u00e9s de la Direcci\u00f3n de Identidad Comunitaria, informa que a partir del martes 5 de abril, tanto el Museo Salesiano \u201cCardenal Cagliero\u201d como el Museo Gardeliano \u201cLisandro Segovia\u201d cambiar\u00e1n sus horarios de atenci\u00f3n al p\u00fablico.<\/p>\n\n\n\n<p>Los mismos se encontrar\u00e1n abiertos de martes a viernes de 9 a 19 horas y s\u00e1bados, domingos y feriados de 14 a 19 hs. Los lunes permanecer\u00e1n cerrados.<\/p>\n\n\n\n<p>Debido a la gran concurrencia de visitantes en el Circuito de Museos durante la temporada estival, durante el invierno se coordinar\u00e1n horarios con las instituciones que lo conforman para seguir ofreciendo a vecinos, vecinos y turistas este exitoso recorrido.<\/p>\n\n\n\n<p>Cabe destacar que durante los meses de diciembre, enero y febrero pasaron por los museos alrededor de 1.150 personas.<\/p>\n\n\n\n<p>Este circuito est\u00e1 pensado para recorrer y visitar los museos y asociaciones vinculadas con el patrimonio hist\u00f3rico de la ciudad, que coincidentemente se encuentran ubicados en una sola avenida de la ciudad, generando un recorrido atractivo con carteler\u00eda indicadora para turistas.<\/p>\n\n\n\n<figure class=\"wp-block-image size-full\"><img fetchpriority=\"high\" decoding=\"async\" width=\"720\" height=\"405\" src=\"https:\/\/www.elpolitologoyelpolitico.com.ar\/wp-content\/uploads\/2022\/03\/IMG-20220330-WA0033.jpg\" alt=\"\" class=\"wp-image-18456\" srcset=\"https:\/\/www.elpolitologoyelpolitico.com.ar\/wp-content\/uploads\/2022\/03\/IMG-20220330-WA0033.jpg 720w, https:\/\/www.elpolitologoyelpolitico.com.ar\/wp-content\/uploads\/2022\/03\/IMG-20220330-WA0033-300x169.jpg 300w\" sizes=\"(max-width: 720px) 100vw, 720px\" \/><\/figure>\n\t\t\t\t\t\t\t\t<\/div>\n\t\t\t\t<\/div>\n\t\t\t\t\t<\/div>\n\t\t<\/div>\n\t\t\t\t\t<\/div>\n\t\t<\/section>\n\t\t\t\t<\/div>\n\t\t<div class=\"fb-background-color\">\n\t\t\t  <div \n\t\t\t  \tclass = \"fb-comments\" \n\t\t\t  \tdata-href = \"https:\/\/www.elpolitologoyelpolitico.com.ar\/wordpress\/2022\/03\/30\/cambio-de-horarios-en-museo-salesiano-y-gardeliano\/\"\n\t\t\t  \tdata-numposts = \"10\"\n\t\t\t  \tdata-lazy = \"true\"\n\t\t\t\tdata-colorscheme = \"light\"\n\t\t\t\tdata-order-by = \"social\"\n\t\t\t\tdata-mobile=true>\n\t\t\t  <\/div><\/div>\n\t\t  <style>\n\t\t    .fb-background-color {\n\t\t\t\tbackground: #ffffff !important;\n\t\t\t}\n\t\t\t.fb_iframe_widget_fluid_desktop iframe {\n\t\t\t    width: 100% !important;\n\t\t\t}\n\t\t  <\/style>\n\t\t  ","protected":false},"excerpt":{"rendered":"<p>El gobierno de Viedma a trav\u00e9s de la Direcci\u00f3n de Identidad Comunitaria, informa que a partir del martes 5 de abril, tanto el Museo Salesiano \u201cCardenal Cagliero\u201d como el Museo Gardeliano \u201cLisandro Segovia\u201d cambiar\u00e1n sus horarios de atenci\u00f3n al p\u00fablico. Los mismos se encontrar\u00e1n abiertos de martes a viernes de 9 a 19 horas y [&hellip;]<\/p>\n","protected":false},"author":4,"featured_media":18455,"comment_status":"closed","ping_status":"closed","sticky":false,"template":"","format":"standard","meta":{"_joinchat":[],"footnotes":""},"categories":[39],"tags":[],"class_list":["post-18454","post","type-post","status-publish","format-standard","has-post-thumbnail","hentry","category-en-esta-seccion"],"_links":{"self":[{"href":"https:\/\/www.elpolitologoyelpolitico.com.ar\/wordpress\/wp-json\/wp\/v2\/posts\/18454","targetHints":{"allow":["GET"]}}],"collection":[{"href":"https:\/\/www.elpolitologoyelpolitico.com.ar\/wordpress\/wp-json\/wp\/v2\/posts"}],"about":[{"href":"https:\/\/www.elpolitologoyelpolitico.com.ar\/wordpress\/wp-json\/wp\/v2\/types\/post"}],"author":[{"embeddable":true,"href":"https:\/\/www.elpolitologoyelpolitico.com.ar\/wordpress\/wp-json\/wp\/v2\/users\/4"}],"replies":[{"embeddable":true,"href":"https:\/\/www.elpolitologoyelpolitico.com.ar\/wordpress\/wp-json\/wp\/v2\/comments?post=18454"}],"version-history":[{"count":0,"href":"https:\/\/www.elpolitologoyelpolitico.com.ar\/wordpress\/wp-json\/wp\/v2\/posts\/18454\/revisions"}],"wp:featuredmedia":[{"embeddable":true,"href":"https:\/\/www.elpolitologoyelpolitico.com.ar\/wordpress\/wp-json\/wp\/v2\/media\/18455"}],"wp:attachment":[{"href":"https:\/\/www.elpolitologoyelpolitico.com.ar\/wordpress\/wp-json\/wp\/v2\/media?parent=18454"}],"wp:term":[{"taxonomy":"category","embeddable":true,"href":"https:\/\/www.elpolitologoyelpolitico.com.ar\/wordpress\/wp-json\/wp\/v2\/categories?post=18454"},{"taxonomy":"post_tag","embeddable":true,"href":"https:\/\/www.elpolitologoyelpolitico.com.ar\/wordpress\/wp-json\/wp\/v2\/tags?post=18454"}],"curies":[{"name":"wp","href":"https:\/\/api.w.org\/{rel}","templated":true}]}}