{"id":18433,"date":"2022-03-30T02:17:23","date_gmt":"2022-03-30T02:17:23","guid":{"rendered":"https:\/\/www.elpolitologoyelpolitico.com.ar\/wordpress\/?p=18433"},"modified":"2022-03-30T02:18:00","modified_gmt":"2022-03-30T02:18:00","slug":"en-las-escuelas-rionegrinas-el-uso-del-barbijo-sera-opcional","status":"publish","type":"post","link":"https:\/\/www.elpolitologoyelpolitico.com.ar\/wordpress\/2022\/03\/30\/en-las-escuelas-rionegrinas-el-uso-del-barbijo-sera-opcional\/","title":{"rendered":"En las escuelas rionegrinas el uso del barbijo ser\u00e1 opcional"},"content":{"rendered":"\t\t<div data-elementor-type=\"wp-post\" data-elementor-id=\"18433\" class=\"elementor elementor-18433\">\n\t\t\t\t\t\t<section class=\"elementor-section elementor-top-section elementor-element elementor-element-1a8a6d6b elementor-section-boxed elementor-section-height-default elementor-section-height-default\" data-id=\"1a8a6d6b\" data-element_type=\"section\" data-e-type=\"section\">\n\t\t\t\t\t\t<div class=\"elementor-container elementor-column-gap-default\">\n\t\t\t\t\t<div class=\"elementor-column elementor-col-100 elementor-top-column elementor-element elementor-element-255b808a\" data-id=\"255b808a\" data-element_type=\"column\" data-e-type=\"column\">\n\t\t\t<div class=\"elementor-widget-wrap elementor-element-populated\">\n\t\t\t\t\t\t<div class=\"elementor-element elementor-element-55762b02 elementor-widget elementor-widget-text-editor\" data-id=\"55762b02\" data-element_type=\"widget\" data-e-type=\"widget\" data-widget_type=\"text-editor.default\">\n\t\t\t\t<div class=\"elementor-widget-container\">\n\t\t\t\t\t\t\t\t\t\n<p><\/p>\n\n\n\n<p>El Consejo Provincial de Educaci\u00f3n aprob\u00f3 la Resoluci\u00f3n 1982, a partir de la cual se mantiene la recomendaci\u00f3n del uso del barbijo\/tapaboca, aunque sin que ello sea obligatorio en establecimientos p\u00fablicos y privados de R\u00edo Negro.<\/p>\n\n\n\n<p>\u201cLo que se hizo fue readecuar el protocolo de Procedimientos, Recomendaciones y Cuidados para los establecimientos educativos; lo que denominamos Presencialidad Cuidada. A partir de ahora el uso del barbijo ser\u00e1 opcional, como lo consensuamos con el Ministerio de Salud, la autoridad m\u00e1xima en esta materia\u201d, indic\u00f3 la ministra de Educaci\u00f3n y Derechos Humanos, Mercedes Jara Tracchia.<\/p>\n\n\n\n<p>Hasta el momento, se recomendaba utilizar el tapaboca\/barbijo desde el nivel Primario para el ingreso, permanencia y salida de los colegios. Con el cambio analizado con Salud, su utilizaci\u00f3n ser\u00e1 decisi\u00f3n de las y los estudiantes de todos los niveles y modalidades, o en todo caso de sus respectivas familias.<\/p>\n\n\n\n<p>El ciclo lectivo de este a\u00f1o se inici\u00f3 enmarcado en el Protocolo \u201cCuidarnos\u201d, cuyo objetivo estuvo centrado en garantizar las condiciones esenciales para la presencialidad plena de los\/las estudiantes en las Escuelas, en base a lineamientos y recomendaciones de los organismos competentes, como el Consejo Federal de Educaci\u00f3n y el Ministerio de Salud.<\/p>\n\t\t\t\t\t\t\t\t<\/div>\n\t\t\t\t<\/div>\n\t\t\t\t\t<\/div>\n\t\t<\/div>\n\t\t\t\t\t<\/div>\n\t\t<\/section>\n\t\t\t\t<\/div>\n\t\t<div class=\"fb-background-color\">\n\t\t\t  <div \n\t\t\t  \tclass = \"fb-comments\" \n\t\t\t  \tdata-href = \"https:\/\/www.elpolitologoyelpolitico.com.ar\/wordpress\/2022\/03\/30\/en-las-escuelas-rionegrinas-el-uso-del-barbijo-sera-opcional\/\"\n\t\t\t  \tdata-numposts = \"10\"\n\t\t\t  \tdata-lazy = \"true\"\n\t\t\t\tdata-colorscheme = \"light\"\n\t\t\t\tdata-order-by = \"social\"\n\t\t\t\tdata-mobile=true>\n\t\t\t  <\/div><\/div>\n\t\t  <style>\n\t\t    .fb-background-color {\n\t\t\t\tbackground: #ffffff !important;\n\t\t\t}\n\t\t\t.fb_iframe_widget_fluid_desktop iframe {\n\t\t\t    width: 100% !important;\n\t\t\t}\n\t\t  <\/style>\n\t\t  ","protected":false},"excerpt":{"rendered":"<p>El Consejo Provincial de Educaci\u00f3n aprob\u00f3 la Resoluci\u00f3n 1982, a partir de la cual se mantiene la recomendaci\u00f3n del uso del barbijo\/tapaboca, aunque sin que ello sea obligatorio en establecimientos p\u00fablicos y privados de R\u00edo Negro. \u201cLo que se hizo fue readecuar el protocolo de Procedimientos, Recomendaciones y Cuidados para los establecimientos educativos; lo que [&hellip;]<\/p>\n","protected":false},"author":4,"featured_media":18434,"comment_status":"closed","ping_status":"closed","sticky":false,"template":"","format":"standard","meta":{"_joinchat":[],"footnotes":""},"categories":[4],"tags":[],"class_list":["post-18433","post","type-post","status-publish","format-standard","has-post-thumbnail","hentry","category-politicas-publicas"],"_links":{"self":[{"href":"https:\/\/www.elpolitologoyelpolitico.com.ar\/wordpress\/wp-json\/wp\/v2\/posts\/18433","targetHints":{"allow":["GET"]}}],"collection":[{"href":"https:\/\/www.elpolitologoyelpolitico.com.ar\/wordpress\/wp-json\/wp\/v2\/posts"}],"about":[{"href":"https:\/\/www.elpolitologoyelpolitico.com.ar\/wordpress\/wp-json\/wp\/v2\/types\/post"}],"author":[{"embeddable":true,"href":"https:\/\/www.elpolitologoyelpolitico.com.ar\/wordpress\/wp-json\/wp\/v2\/users\/4"}],"replies":[{"embeddable":true,"href":"https:\/\/www.elpolitologoyelpolitico.com.ar\/wordpress\/wp-json\/wp\/v2\/comments?post=18433"}],"version-history":[{"count":0,"href":"https:\/\/www.elpolitologoyelpolitico.com.ar\/wordpress\/wp-json\/wp\/v2\/posts\/18433\/revisions"}],"wp:featuredmedia":[{"embeddable":true,"href":"https:\/\/www.elpolitologoyelpolitico.com.ar\/wordpress\/wp-json\/wp\/v2\/media\/18434"}],"wp:attachment":[{"href":"https:\/\/www.elpolitologoyelpolitico.com.ar\/wordpress\/wp-json\/wp\/v2\/media?parent=18433"}],"wp:term":[{"taxonomy":"category","embeddable":true,"href":"https:\/\/www.elpolitologoyelpolitico.com.ar\/wordpress\/wp-json\/wp\/v2\/categories?post=18433"},{"taxonomy":"post_tag","embeddable":true,"href":"https:\/\/www.elpolitologoyelpolitico.com.ar\/wordpress\/wp-json\/wp\/v2\/tags?post=18433"}],"curies":[{"name":"wp","href":"https:\/\/api.w.org\/{rel}","templated":true}]}}